{"id":4409544,"date":"2024-06-24T09:00:00","date_gmt":"2024-06-24T07:00:00","guid":{"rendered":"https:\/\/www.veloclublapomme.com\/?p=4409544"},"modified":"2024-06-27T00:24:06","modified_gmt":"2024-06-26T22:24:06","slug":"a-un-rien-du-sacre","status":"publish","type":"post","link":"https:\/\/www.veloclublapomme.com\/index.php\/2024\/06\/24\/a-un-rien-du-sacre\/","title":{"rendered":"\u00c0 un rien du sacre"},"content":{"rendered":"\n<p class=\"has-medium-font-size\">Apr\u00e8s six manches disput\u00e9es avec panache, les Marseillais ont conclu l&rsquo;\u00e9dition 2024 du Tour des Bouches-du-Rh\u00f4ne Cadets. <br>Comme en 2023, la grande finale a eu lieu ce dimanche 24 juin sur les hauteurs de Cornillon-Confoux. <br><br>S&rsquo;il a d\u00e9croch\u00e9 deux victoires d&rsquo;\u00e9tape (La Ciotat et Arles), Matisse Bonnet termine cependant deuxi\u00e8me du classement g\u00e9n\u00e9ral final de l&rsquo;\u00e9preuve. Pour un petit point, le Phoc\u00e9en se voit devancer par le Vauclusien Nolan Pedersoli mais cl\u00f4ture son premier challenge Bucco-Rhodanien avec le maillot de meilleur jeune sur les \u00e9paules.<br><br>Par ailleurs, les U17 Marseillais ont remport\u00e9 le classement par \u00e9quipes de l&rsquo;\u00e9preuve. <\/p>\n\n\n\n<figure class=\"wp-block-gallery has-nested-images columns-default is-cropped wp-block-gallery-1 is-layout-flex wp-block-gallery-is-layout-flex\">\n<figure class=\"wp-block-image size-large\"><img fetchpriority=\"high\" fetchpriority=\"high\" decoding=\"async\" width=\"1024\" height=\"683\" data-id=\"4409545\" src=\"https:\/\/www.veloclublapomme.com\/wp-content\/uploads\/2024\/06\/CAN2292-1024x683.jpg\" alt=\"\" class=\"wp-image-4409545\" srcset=\"https:\/\/www.veloclublapomme.com\/wp-content\/uploads\/2024\/06\/CAN2292-980x653.jpg 980w, https:\/\/www.veloclublapomme.com\/wp-content\/uploads\/2024\/06\/CAN2292-480x320.jpg 480w\" sizes=\"(min-width: 0px) and (max-width: 480px) 480px, (min-width: 481px) and (max-width: 980px) 980px, (min-width: 981px) 1024px, 100vw\" \/><figcaption class=\"wp-element-caption\">Quentin Macia<\/figcaption><\/figure>\n\n\n\n<figure class=\"wp-block-image size-large\"><img decoding=\"async\" width=\"1024\" height=\"683\" data-id=\"4409546\" src=\"https:\/\/www.veloclublapomme.com\/wp-content\/uploads\/2024\/06\/CAN2379-1024x683.jpg\" alt=\"\" class=\"wp-image-4409546\" srcset=\"https:\/\/www.veloclublapomme.com\/wp-content\/uploads\/2024\/06\/CAN2379-980x653.jpg 980w, https:\/\/www.veloclublapomme.com\/wp-content\/uploads\/2024\/06\/CAN2379-480x320.jpg 480w\" sizes=\"(min-width: 0px) and (max-width: 480px) 480px, (min-width: 481px) and (max-width: 980px) 980px, (min-width: 981px) 1024px, 100vw\" \/><figcaption class=\"wp-element-caption\">Enzo Ejarque<\/figcaption><\/figure>\n\n\n\n<figure class=\"wp-block-image size-large\"><img decoding=\"async\" width=\"1024\" height=\"683\" data-id=\"4409548\" src=\"https:\/\/www.veloclublapomme.com\/wp-content\/uploads\/2024\/06\/CAN2449-1024x683.jpg\" alt=\"\" class=\"wp-image-4409548\" srcset=\"https:\/\/www.veloclublapomme.com\/wp-content\/uploads\/2024\/06\/CAN2449-980x653.jpg 980w, https:\/\/www.veloclublapomme.com\/wp-content\/uploads\/2024\/06\/CAN2449-480x320.jpg 480w\" sizes=\"(min-width: 0px) and (max-width: 480px) 480px, (min-width: 481px) and (max-width: 980px) 980px, (min-width: 981px) 1024px, 100vw\" \/><figcaption class=\"wp-element-caption\">Kylan Touache Blondon<\/figcaption><\/figure>\n\n\n\n<figure class=\"wp-block-image size-large\"><img loading=\"lazy\" loading=\"lazy\" decoding=\"async\" width=\"1024\" height=\"683\" data-id=\"4409551\" src=\"https:\/\/www.veloclublapomme.com\/wp-content\/uploads\/2024\/06\/CAN2539-1-1024x683.jpg\" alt=\"\" class=\"wp-image-4409551\" srcset=\"https:\/\/www.veloclublapomme.com\/wp-content\/uploads\/2024\/06\/CAN2539-1-980x653.jpg 980w, https:\/\/www.veloclublapomme.com\/wp-content\/uploads\/2024\/06\/CAN2539-1-480x320.jpg 480w\" sizes=\"(min-width: 0px) and (max-width: 480px) 480px, (min-width: 481px) and (max-width: 980px) 980px, (min-width: 981px) 1024px, 100vw\" \/><figcaption class=\"wp-element-caption\">Matisse Bonnet<\/figcaption><\/figure>\n\n\n\n<figure class=\"wp-block-image size-large\"><img loading=\"lazy\" loading=\"lazy\" decoding=\"async\" width=\"1024\" height=\"683\" data-id=\"4409552\" src=\"https:\/\/www.veloclublapomme.com\/wp-content\/uploads\/2024\/06\/CAN2648-1024x683.jpg\" alt=\"\" class=\"wp-image-4409552\" srcset=\"https:\/\/www.veloclublapomme.com\/wp-content\/uploads\/2024\/06\/CAN2648-980x653.jpg 980w, https:\/\/www.veloclublapomme.com\/wp-content\/uploads\/2024\/06\/CAN2648-480x320.jpg 480w\" sizes=\"(min-width: 0px) and (max-width: 480px) 480px, (min-width: 481px) and (max-width: 980px) 980px, (min-width: 981px) 1024px, 100vw\" \/><figcaption class=\"wp-element-caption\">Sasha Flahaut<\/figcaption><\/figure>\n<\/figure>\n\n\n\n<p><br>Cr\u00e9dit photos\u00a0: \u00a9\u00a0William Cannarella \/ V\u00e9lo Club La Pomme Marseille<\/p>\n","protected":false},"excerpt":{"rendered":"<p>Apr\u00e8s six manches disput\u00e9es avec panache, les Marseillais ont conclu l&rsquo;\u00e9dition 2024 du Tour des Bouches-du-Rh\u00f4ne Cadets. Comme en 2023, la grande finale a eu lieu ce dimanche 24 juin sur les hauteurs de Cornillon-Confoux. S&rsquo;il a d\u00e9croch\u00e9 deux victoires d&rsquo;\u00e9tape (La Ciotat et Arles), Matisse Bonnet termine cependant deuxi\u00e8me du classement g\u00e9n\u00e9ral final de l&rsquo;\u00e9preuve. Pour un petit point, le Phoc\u00e9en se voit devancer par le Vauclusien Nolan Pedersoli mais cl\u00f4ture son premier challenge Bucco-Rhodanien avec le maillot de meilleur jeune sur les \u00e9paules. Par ailleurs, les U17 Marseillais ont remport\u00e9 le classement par \u00e9quipes de l&rsquo;\u00e9preuve. Cr\u00e9dit photos\u00a0: \u00a9\u00a0William Cannarella \/ V\u00e9lo Club La Pomme Marseille<\/p>\n","protected":false},"author":1,"featured_media":4409533,"comment_status":"open","ping_status":"open","sticky":false,"template":"","format":"standard","meta":{"_et_pb_use_builder":"off","_et_pb_old_content":"","_et_gb_content_width":"","footnotes":""},"categories":[142],"tags":[],"class_list":["post-4409544","post","type-post","status-publish","format-standard","has-post-thumbnail","hentry","category-u17"],"aioseo_notices":[],"_links":{"self":[{"href":"https:\/\/www.veloclublapomme.com\/index.php\/wp-json\/wp\/v2\/posts\/4409544","targetHints":{"allow":["GET"]}}],"collection":[{"href":"https:\/\/www.veloclublapomme.com\/index.php\/wp-json\/wp\/v2\/posts"}],"about":[{"href":"https:\/\/www.veloclublapomme.com\/index.php\/wp-json\/wp\/v2\/types\/post"}],"author":[{"embeddable":true,"href":"https:\/\/www.veloclublapomme.com\/index.php\/wp-json\/wp\/v2\/users\/1"}],"replies":[{"embeddable":true,"href":"https:\/\/www.veloclublapomme.com\/index.php\/wp-json\/wp\/v2\/comments?post=4409544"}],"version-history":[{"count":2,"href":"https:\/\/www.veloclublapomme.com\/index.php\/wp-json\/wp\/v2\/posts\/4409544\/revisions"}],"predecessor-version":[{"id":4409554,"href":"https:\/\/www.veloclublapomme.com\/index.php\/wp-json\/wp\/v2\/posts\/4409544\/revisions\/4409554"}],"wp:featuredmedia":[{"embeddable":true,"href":"https:\/\/www.veloclublapomme.com\/index.php\/wp-json\/wp\/v2\/media\/4409533"}],"wp:attachment":[{"href":"https:\/\/www.veloclublapomme.com\/index.php\/wp-json\/wp\/v2\/media?parent=4409544"}],"wp:term":[{"taxonomy":"category","embeddable":true,"href":"https:\/\/www.veloclublapomme.com\/index.php\/wp-json\/wp\/v2\/categories?post=4409544"},{"taxonomy":"post_tag","embeddable":true,"href":"https:\/\/www.veloclublapomme.com\/index.php\/wp-json\/wp\/v2\/tags?post=4409544"}],"curies":[{"name":"wp","href":"https:\/\/api.w.org\/{rel}","templated":true}]}}