{"id":4409777,"date":"2024-08-25T20:00:00","date_gmt":"2024-08-25T18:00:00","guid":{"rendered":"https:\/\/www.veloclublapomme.com\/?p=4409777"},"modified":"2024-09-02T12:05:43","modified_gmt":"2024-09-02T10:05:43","slug":"de-belles-performances-en-occitanie","status":"publish","type":"post","link":"https:\/\/www.veloclublapomme.com\/index.php\/2024\/08\/25\/de-belles-performances-en-occitanie\/","title":{"rendered":"De belles performances en Occitanie !"},"content":{"rendered":"\n<p class=\"has-medium-font-size\">Les Pommiers n&rsquo;ont pas fait de la figuration lors de cette \u00e9dition 2024 du \ud835\udde7\ud835\uddfc\ud835\ude02\ud835\uddff \ud835\udde8\ud835\udfed\ud835\udff5 \ud835\uddd6\ud835\uddee\ud835\ude02\ud835\ude00\ud835\ude00\ud835\uddf2\ud835\ude00 \ud835\uddd4\ud835\uddf6\ud835\uddf4\ud835\uddfc\ud835\ude02\ud835\uddee\ud835\uddf9 \ud835\uddd6\ud835\uddf2\u0301\ud835\ude03\ud835\uddf2\ud835\uddfb\ud835\uddfb\ud835\uddf2\ud835\ude00 &amp; \ud835\udde3\ud835\uddee\ud835\ude06\ud835\ude00 \ud835\uddf1\ud835\uddf2 \ud835\udde6\ud835\uddfc\ud835\uddfa\ud835\uddfa\ud835\uddf6\ud835\uddf2\u0300\ud835\uddff\ud835\uddf2\ud835\ude00.<\/p>\n\n\n\n<p class=\"has-medium-font-size\">Offensif tout au long de l&rsquo;\u00e9preuve, neuvi\u00e8me du classement g\u00e9n\u00e9ral final et sur le podium \u00e0 deux reprises, Adan Flahaut a logiquement remport\u00e9 le maillot blanc de meilleur jeune. Mais ce n&rsquo;est pas tout, son co\u00e9quipier Dylan Massa a <a><\/a>remport\u00e9 l&rsquo;ultime \u00e9tape en plus de d\u00e9crocher le maillot vert de meilleur sprinteur.<\/p>\n\n\n\n<p class=\"has-medium-font-size\">Un grand bravo \u00e0 tous ! <\/p>\n\n\n\n<p><\/p>\n\n\n\n<figure class=\"wp-block-image size-large\"><img fetchpriority=\"high\" fetchpriority=\"high\" decoding=\"async\" width=\"1024\" height=\"682\" src=\"https:\/\/www.veloclublapomme.com\/wp-content\/uploads\/2024\/09\/MASSA-1024x682.jpg\" alt=\"\" class=\"wp-image-4409776\" srcset=\"https:\/\/www.veloclublapomme.com\/wp-content\/uploads\/2024\/09\/MASSA-980x653.jpg 980w, https:\/\/www.veloclublapomme.com\/wp-content\/uploads\/2024\/09\/MASSA-480x320.jpg 480w\" sizes=\"(min-width: 0px) and (max-width: 480px) 480px, (min-width: 481px) and (max-width: 980px) 980px, (min-width: 981px) 1024px, 100vw\" \/><\/figure>\n\n\n\n<p>Cr\u00e9dit photo : \u00a9\u00a0Tour U19 Causses Aigoual C\u00e9vennes &amp; Pays de Sommi\u00e8res<\/p>\n","protected":false},"excerpt":{"rendered":"<p>Les Pommiers n&rsquo;ont pas fait de la figuration lors de cette \u00e9dition 2024 du \ud835\udde7\ud835\uddfc\ud835\ude02\ud835\uddff \ud835\udde8\ud835\udfed\ud835\udff5 \ud835\uddd6\ud835\uddee\ud835\ude02\ud835\ude00\ud835\ude00\ud835\uddf2\ud835\ude00 \ud835\uddd4\ud835\uddf6\ud835\uddf4\ud835\uddfc\ud835\ude02\ud835\uddee\ud835\uddf9 \ud835\uddd6\ud835\uddf2\u0301\ud835\ude03\ud835\uddf2\ud835\uddfb\ud835\uddfb\ud835\uddf2\ud835\ude00 &amp; \ud835\udde3\ud835\uddee\ud835\ude06\ud835\ude00 \ud835\uddf1\ud835\uddf2 \ud835\udde6\ud835\uddfc\ud835\uddfa\ud835\uddfa\ud835\uddf6\ud835\uddf2\u0300\ud835\uddff\ud835\uddf2\ud835\ude00. Offensif tout au long de l&rsquo;\u00e9preuve, neuvi\u00e8me du classement g\u00e9n\u00e9ral final et sur le podium \u00e0 deux reprises, Adan Flahaut a logiquement remport\u00e9 le maillot blanc de meilleur jeune. Mais ce n&rsquo;est pas tout, son co\u00e9quipier Dylan Massa a remport\u00e9 l&rsquo;ultime \u00e9tape en plus de d\u00e9crocher le maillot vert de meilleur sprinteur. Un grand bravo \u00e0 tous ! Cr\u00e9dit photo : \u00a9\u00a0Tour U19 Causses Aigoual C\u00e9vennes &amp; Pays de Sommi\u00e8res<\/p>\n","protected":false},"author":1,"featured_media":4409776,"comment_status":"open","ping_status":"open","sticky":false,"template":"","format":"standard","meta":{"_et_pb_use_builder":"off","_et_pb_old_content":"","_et_gb_content_width":"","footnotes":""},"categories":[99],"tags":[],"class_list":["post-4409777","post","type-post","status-publish","format-standard","has-post-thumbnail","hentry","category-u19"],"aioseo_notices":[],"_links":{"self":[{"href":"https:\/\/www.veloclublapomme.com\/index.php\/wp-json\/wp\/v2\/posts\/4409777","targetHints":{"allow":["GET"]}}],"collection":[{"href":"https:\/\/www.veloclublapomme.com\/index.php\/wp-json\/wp\/v2\/posts"}],"about":[{"href":"https:\/\/www.veloclublapomme.com\/index.php\/wp-json\/wp\/v2\/types\/post"}],"author":[{"embeddable":true,"href":"https:\/\/www.veloclublapomme.com\/index.php\/wp-json\/wp\/v2\/users\/1"}],"replies":[{"embeddable":true,"href":"https:\/\/www.veloclublapomme.com\/index.php\/wp-json\/wp\/v2\/comments?post=4409777"}],"version-history":[{"count":3,"href":"https:\/\/www.veloclublapomme.com\/index.php\/wp-json\/wp\/v2\/posts\/4409777\/revisions"}],"predecessor-version":[{"id":4409781,"href":"https:\/\/www.veloclublapomme.com\/index.php\/wp-json\/wp\/v2\/posts\/4409777\/revisions\/4409781"}],"wp:featuredmedia":[{"embeddable":true,"href":"https:\/\/www.veloclublapomme.com\/index.php\/wp-json\/wp\/v2\/media\/4409776"}],"wp:attachment":[{"href":"https:\/\/www.veloclublapomme.com\/index.php\/wp-json\/wp\/v2\/media?parent=4409777"}],"wp:term":[{"taxonomy":"category","embeddable":true,"href":"https:\/\/www.veloclublapomme.com\/index.php\/wp-json\/wp\/v2\/categories?post=4409777"},{"taxonomy":"post_tag","embeddable":true,"href":"https:\/\/www.veloclublapomme.com\/index.php\/wp-json\/wp\/v2\/tags?post=4409777"}],"curies":[{"name":"wp","href":"https:\/\/api.w.org\/{rel}","templated":true}]}}