{"id":4409878,"date":"2024-10-02T20:00:11","date_gmt":"2024-10-02T18:00:11","guid":{"rendered":"https:\/\/www.veloclublapomme.com\/?p=4409878"},"modified":"2025-01-06T22:16:23","modified_gmt":"2025-01-06T21:16:23","slug":"des-debuts-en-fanfare","status":"publish","type":"post","link":"https:\/\/www.veloclublapomme.com\/index.php\/2024\/10\/02\/des-debuts-en-fanfare\/","title":{"rendered":"Des d\u00e9buts en fanfare !"},"content":{"rendered":"\t\t<div data-elementor-type=\"wp-post\" data-elementor-id=\"4409878\" class=\"elementor elementor-4409878\">\n\t\t\t\t<div class=\"elementor-element elementor-element-10f46814 e-flex e-con-boxed wpr-particle-no wpr-jarallax-no wpr-parallax-no wpr-sticky-section-no wpr-equal-height-no e-con e-parent\" data-id=\"10f46814\" data-element_type=\"container\" data-e-type=\"container\">\n\t\t\t\t\t<div class=\"e-con-inner\">\n\t\t\t\t<div class=\"elementor-element elementor-element-5dd71562 elementor-widget elementor-widget-text-editor\" data-id=\"5dd71562\" data-element_type=\"widget\" data-e-type=\"widget\" data-widget_type=\"text-editor.default\">\n\t\t\t\t<div class=\"elementor-widget-container\">\n\t\t\t\t\t\t\t\t\t<h5>La saison de cyclo-cross a officiellement d\u00e9but\u00e9 en R\u00e9gion PACA, ce dimanche \u00e0 Aubagne, \u00e0 l&rsquo;occasion de la premi\u00e8re manche du \ud835\uddd6\ud835\uddf5\ud835\uddee\ud835\uddf9\ud835\uddf9\ud835\uddf2\ud835\uddfb\ud835\uddf4\ud835\uddf2 \ud835\uddd4\ud835\ude02\ud835\uddef\ud835\uddee\ud835\uddf4\ud835\uddfb\ud835\uddee\ud835\uddf6\ud835\ude00.<br class=\"html-br\" \/><br class=\"html-br\" \/>Les coursiers de l&rsquo;\u00e9cole de cyclisme comme les plus grands ont brill\u00e9 lors ce de premier rendez-vous r\u00e9gional dans les sous-bois.<br class=\"html-br\" \/><br class=\"html-br\" \/>Ga\u00e9tan Filly a d\u00e9croch\u00e9 la victoire chez les U7 devant son co\u00e9quipier En\u00e9ko Lepage tandis que Jenny Massa s&rsquo;est octroy\u00e9e le succ\u00e8s chez les f\u00e9minines en finissant quatri\u00e8me. Du c\u00f4t\u00e9 des U9, Julian Gabriel a pris la cinqui\u00e8me position. Enfin, en U11, Th\u00e9o Guichard termine cinqui\u00e8me et Rose Leroux 17e.<br class=\"html-br\" \/><br class=\"html-br\" \/>L&rsquo;apr\u00e8s-midi a \u00e9t\u00e9 tout aussi fructueux. En effet, Quentin Filly a remport\u00e9 la course U15 tandis que Leny Plagniol est mont\u00e9 sur la deuxi\u00e8me marche du podium lors de l&rsquo;\u00e9preuve U17.<br class=\"html-br\" \/><br class=\"html-br\" \/>Un grand bravo \u00e0 tous !\u00a0<\/h5>\t\t\t\t\t\t\t\t<\/div>\n\t\t\t\t<\/div>\n\t\t\t\t<div class=\"elementor-element elementor-element-fba0e2e elementor-widget elementor-widget-image\" data-id=\"fba0e2e\" data-element_type=\"widget\" data-e-type=\"widget\" data-widget_type=\"image.default\">\n\t\t\t\t<div class=\"elementor-widget-container\">\n\t\t\t\t\t\t\t\t\t\t\t\t<figure class=\"wp-caption\">\n\t\t\t\t\t\t\t\t\t\t<img fetchpriority=\"high\" fetchpriority=\"high\" decoding=\"async\" width=\"768\" height=\"1024\" src=\"https:\/\/www.veloclublapomme.com\/wp-content\/uploads\/2025\/01\/461867305_1081862313940044_5345741857874865912_n-1-768x1024.jpg\" class=\"attachment-large size-large wp-image-4409881\" alt=\"\" \/>\t\t\t\t\t\t\t\t\t\t\t<figcaption class=\"widget-image-caption wp-caption-text\"> Cr\u00e9dit photo : \u00a9 Guillaume Gonzalez<\/figcaption>\n\t\t\t\t\t\t\t\t\t\t<\/figure>\n\t\t\t\t\t\t\t\t\t<\/div>\n\t\t\t\t<\/div>\n\t\t\t\t\t<\/div>\n\t\t\t\t<\/div>\n\t\t\t\t<\/div>\n\t\t","protected":false},"excerpt":{"rendered":"<p>La saison de cyclo-cross a officiellement d\u00e9but\u00e9 en R\u00e9gion PACA, ce dimanche \u00e0 Aubagne, \u00e0 l&rsquo;occasion de la premi\u00e8re manche du \ud835\uddd6\ud835\uddf5\ud835\uddee\ud835\uddf9\ud835\uddf9\ud835\uddf2\ud835\uddfb\ud835\uddf4\ud835\uddf2 \ud835\uddd4\ud835\ude02\ud835\uddef\ud835\uddee\ud835\uddf4\ud835\uddfb\ud835\uddee\ud835\uddf6\ud835\ude00. Les coursiers de l&rsquo;\u00e9cole de cyclisme comme les plus grands ont brill\u00e9 lors ce de premier rendez-vous r\u00e9gional dans les sous-bois. Ga\u00e9tan Filly a d\u00e9croch\u00e9 la victoire chez les U7 devant son co\u00e9quipier En\u00e9ko Lepage tandis que Jenny Massa s&rsquo;est octroy\u00e9e le succ\u00e8s chez les f\u00e9minines en finissant quatri\u00e8me. Du c\u00f4t\u00e9 des U9, Julian Gabriel a pris la cinqui\u00e8me position. Enfin, en U11, Th\u00e9o Guichard termine cinqui\u00e8me et Rose Leroux 17e. L&rsquo;apr\u00e8s-midi a \u00e9t\u00e9 tout aussi fructueux. En effet, Quentin Filly a remport\u00e9 la course U15 tandis que Leny Plagniol est mont\u00e9 sur la deuxi\u00e8me marche du podium lors de l&rsquo;\u00e9preuve U17. Un grand bravo \u00e0 tous ! Cr\u00e9dit photo : \u00a9 Guillaume Gonzalez<\/p>\n","protected":false},"author":1,"featured_media":4409885,"comment_status":"closed","ping_status":"closed","sticky":false,"template":"","format":"standard","meta":{"_et_pb_use_builder":"","_et_pb_old_content":"","_et_gb_content_width":"","footnotes":""},"categories":[146],"tags":[],"class_list":["post-4409878","post","type-post","status-publish","format-standard","has-post-thumbnail","hentry","category-edc"],"aioseo_notices":[],"_links":{"self":[{"href":"https:\/\/www.veloclublapomme.com\/index.php\/wp-json\/wp\/v2\/posts\/4409878","targetHints":{"allow":["GET"]}}],"collection":[{"href":"https:\/\/www.veloclublapomme.com\/index.php\/wp-json\/wp\/v2\/posts"}],"about":[{"href":"https:\/\/www.veloclublapomme.com\/index.php\/wp-json\/wp\/v2\/types\/post"}],"author":[{"embeddable":true,"href":"https:\/\/www.veloclublapomme.com\/index.php\/wp-json\/wp\/v2\/users\/1"}],"replies":[{"embeddable":true,"href":"https:\/\/www.veloclublapomme.com\/index.php\/wp-json\/wp\/v2\/comments?post=4409878"}],"version-history":[{"count":5,"href":"https:\/\/www.veloclublapomme.com\/index.php\/wp-json\/wp\/v2\/posts\/4409878\/revisions"}],"predecessor-version":[{"id":4409886,"href":"https:\/\/www.veloclublapomme.com\/index.php\/wp-json\/wp\/v2\/posts\/4409878\/revisions\/4409886"}],"wp:featuredmedia":[{"embeddable":true,"href":"https:\/\/www.veloclublapomme.com\/index.php\/wp-json\/wp\/v2\/media\/4409885"}],"wp:attachment":[{"href":"https:\/\/www.veloclublapomme.com\/index.php\/wp-json\/wp\/v2\/media?parent=4409878"}],"wp:term":[{"taxonomy":"category","embeddable":true,"href":"https:\/\/www.veloclublapomme.com\/index.php\/wp-json\/wp\/v2\/categories?post=4409878"},{"taxonomy":"post_tag","embeddable":true,"href":"https:\/\/www.veloclublapomme.com\/index.php\/wp-json\/wp\/v2\/tags?post=4409878"}],"curies":[{"name":"wp","href":"https:\/\/api.w.org\/{rel}","templated":true}]}}