{"id":4410682,"date":"2025-04-03T11:24:15","date_gmt":"2025-04-03T09:24:15","guid":{"rendered":"https:\/\/www.veloclublapomme.com\/?p=4410682"},"modified":"2025-04-03T11:28:32","modified_gmt":"2025-04-03T09:28:32","slug":"une-journee-fructueuse","status":"publish","type":"post","link":"https:\/\/www.veloclublapomme.com\/index.php\/2025\/04\/03\/une-journee-fructueuse\/","title":{"rendered":"Une journ\u00e9e fructueuse"},"content":{"rendered":"\t\t<div data-elementor-type=\"wp-post\" data-elementor-id=\"4410682\" class=\"elementor elementor-4410682\">\n\t\t\t\t<div class=\"elementor-element elementor-element-ed385ab e-flex e-con-boxed wpr-particle-no wpr-jarallax-no wpr-parallax-no wpr-sticky-section-no wpr-equal-height-no e-con e-parent\" data-id=\"ed385ab\" data-element_type=\"container\" data-e-type=\"container\">\n\t\t\t\t\t<div class=\"e-con-inner\">\n\t\t\t\t<div class=\"elementor-element elementor-element-7b0da2f elementor-widget elementor-widget-text-editor\" data-id=\"7b0da2f\" data-element_type=\"widget\" data-e-type=\"widget\" data-widget_type=\"text-editor.default\">\n\t\t\t\t<div class=\"elementor-widget-container\">\n\t\t\t\t\t\t\t\t\t<div class=\"x11i5rnm xat24cr x1mh8g0r x1vvkbs xtlvy1s x126k92a\"><div dir=\"auto\">La deuxi\u00e8me \u00e9tape de la \ud835\udde5\ud835\uddfc\ud835\uddfb\ud835\uddf1\ud835\uddf2 \ud835\uddf1\ud835\uddf2\ud835\ude00 \ud835\udde0\ud835\uddf6\ud835\uddfb\ud835\uddf6\ud835\uddfa\ud835\uddf2\ud835\ude00 et du \ud835\udde7\ud835\uddfc\ud835\ude02\ud835\uddff \ud835\uddf1\ud835\uddf2\ud835\ude00 \ud835\uddd5\ud835\uddfc\ud835\ude02\ud835\uddf0\ud835\uddf5\ud835\uddf2\ud835\ude00-\ud835\uddf1\ud835\ude02-\ud835\udde5\ud835\uddf5\ud835\uddfc\u0302\ud835\uddfb\ud835\uddf2 \ud835\uddd6\ud835\uddee\ud835\uddf1\ud835\uddf2\ud835\ude01\ud835\ude00 s&rsquo;est d\u00e9roul\u00e9e ce dimanche 30 mars \u00e0 La Ciotat.<\/div><\/div><div class=\"x11i5rnm xat24cr x1mh8g0r x1vvkbs xtlvy1s x126k92a\"><div dir=\"auto\">Sous les yeux attentifs de Patrick Sorin, Pr\u00e9sident du VC La Pomme, les U15 et U17 ont offert un spectacle de haut niveau.<br \/><br \/><\/div><\/div><div class=\"x11i5rnm xat24cr x1mh8g0r x1vvkbs xtlvy1s x126k92a\"><div dir=\"auto\">En effet, au terme d&rsquo;une course rapide o\u00f9 les attaques ont fus\u00e9, Kylan Touache Blodon, d\u00e9j\u00e0 vainqueur de la premi\u00e8re manche \u00e0 Martigues, a d\u00e9croch\u00e9 son deuxi\u00e8me succ\u00e8s en franchissant la ligne main dans la main avec son co\u00e9quipier, Matisse Bonnet. Cyprien Boug\u00e9 Philippe s&rsquo;est offert un beau cadeau d&rsquo;anniversaire en conservant sa tunique rouge, synonyme de leader du classement des rushs, alors que Leny Planud a endoss\u00e9 le maillot bleu de meilleur Cadet 1.<\/div><\/div><div class=\"x11i5rnm xat24cr x1mh8g0r x1vvkbs xtlvy1s x126k92a\"><div dir=\"auto\">\u00a0<\/div><\/div><div class=\"x11i5rnm xat24cr x1mh8g0r x1vvkbs xtlvy1s x126k92a\"><div dir=\"auto\">Port\u00e9s par l\u2019\u00e9nergie de leurs a\u00een\u00e9s, les U15 ont eux aussi marqu\u00e9 cette journ\u00e9e de leur empreinte. Quentin Filly a remport\u00e9 l&rsquo;\u00e9preuve tandis que N\u00e9o Leroux Saloum a termin\u00e9 \u00e0 la deuxi\u00e8me position.<\/div><\/div><div class=\"x11i5rnm xat24cr x1mh8g0r x1vvkbs xtlvy1s x126k92a\"><div dir=\"auto\">Enfin, Garry Sirol a conserv\u00e9 son e maillot bleu de meilleur Minime 1.<\/div><\/div><div class=\"x11i5rnm xat24cr x1mh8g0r x1vvkbs xtlvy1s x126k92a\"><div dir=\"auto\"><span class=\"html-span xexx8yu x4uap5 x18d9i69 xkhd6sd x1hl2dhg x16tdsg8 x1vvkbs x3nfvp2 x1j61x8r x1fcty0u xdj266r xat24cr xgzva0m xhhsvwb xxymvpz xlup9mm x1kky2od\"><br \/><\/span>La prochaine manche se d\u00e9roulera \u00e0 Arles, le 1er mai prochain.<\/div><\/div><div class=\"x11i5rnm xat24cr x1mh8g0r x1vvkbs xtlvy1s x126k92a\">\u00a0<\/div>\t\t\t\t\t\t\t\t<\/div>\n\t\t\t\t<\/div>\n\t\t\t\t\t<\/div>\n\t\t\t\t<\/div>\n\t\t<div class=\"elementor-element elementor-element-d216ae7 e-flex e-con-boxed wpr-particle-no wpr-jarallax-no wpr-parallax-no wpr-sticky-section-no wpr-equal-height-no e-con e-parent\" data-id=\"d216ae7\" data-element_type=\"container\" data-e-type=\"container\">\n\t\t\t\t\t<div class=\"e-con-inner\">\n\t\t\t\t<div class=\"elementor-element elementor-element-1d509d7 elementor-widget elementor-widget-image\" data-id=\"1d509d7\" data-element_type=\"widget\" data-e-type=\"widget\" data-widget_type=\"image.default\">\n\t\t\t\t<div class=\"elementor-widget-container\">\n\t\t\t\t\t\t\t\t\t\t\t\t\t\t\t<img fetchpriority=\"high\" fetchpriority=\"high\" decoding=\"async\" width=\"1024\" height=\"683\" src=\"https:\/\/www.veloclublapomme.com\/wp-content\/uploads\/2025\/04\/487129355_1230716412387966_2150531348943681852_n-1024x683.jpg\" class=\"attachment-large size-large wp-image-4410683\" alt=\"\" srcset=\"https:\/\/www.veloclublapomme.com\/wp-content\/uploads\/2025\/04\/487129355_1230716412387966_2150531348943681852_n-980x653.jpg 980w, https:\/\/www.veloclublapomme.com\/wp-content\/uploads\/2025\/04\/487129355_1230716412387966_2150531348943681852_n-480x320.jpg 480w\" sizes=\"(min-width: 0px) and (max-width: 480px) 480px, (min-width: 481px) and (max-width: 980px) 980px, (min-width: 981px) 1024px, 100vw\" \/>\t\t\t\t\t\t\t\t\t\t\t\t\t\t\t<\/div>\n\t\t\t\t<\/div>\n\t\t\t\t\t<\/div>\n\t\t\t\t<\/div>\n\t\t<div class=\"elementor-element elementor-element-14efec6 e-flex e-con-boxed wpr-particle-no wpr-jarallax-no wpr-parallax-no wpr-sticky-section-no wpr-equal-height-no e-con e-parent\" data-id=\"14efec6\" data-element_type=\"container\" data-e-type=\"container\">\n\t\t\t\t\t<div class=\"e-con-inner\">\n\t\t\t\t<div class=\"elementor-element elementor-element-e22dacd elementor-widget elementor-widget-image\" data-id=\"e22dacd\" data-element_type=\"widget\" data-e-type=\"widget\" data-widget_type=\"image.default\">\n\t\t\t\t<div class=\"elementor-widget-container\">\n\t\t\t\t\t\t\t\t\t\t\t\t\t\t\t<img decoding=\"async\" width=\"1024\" height=\"683\" src=\"https:\/\/www.veloclublapomme.com\/wp-content\/uploads\/2025\/04\/487213601_1230716545721286_4740565637314416577_n-1024x683.jpg\" class=\"attachment-large size-large wp-image-4410684\" alt=\"\" srcset=\"https:\/\/www.veloclublapomme.com\/wp-content\/uploads\/2025\/04\/487213601_1230716545721286_4740565637314416577_n-980x653.jpg 980w, https:\/\/www.veloclublapomme.com\/wp-content\/uploads\/2025\/04\/487213601_1230716545721286_4740565637314416577_n-480x320.jpg 480w\" sizes=\"(min-width: 0px) and (max-width: 480px) 480px, (min-width: 481px) and (max-width: 980px) 980px, (min-width: 981px) 1024px, 100vw\" \/>\t\t\t\t\t\t\t\t\t\t\t\t\t\t\t<\/div>\n\t\t\t\t<\/div>\n\t\t\t\t<div class=\"elementor-element elementor-element-8b1a02a elementor-widget elementor-widget-image\" data-id=\"8b1a02a\" data-element_type=\"widget\" data-e-type=\"widget\" data-widget_type=\"image.default\">\n\t\t\t\t<div class=\"elementor-widget-container\">\n\t\t\t\t\t\t\t\t\t\t\t\t\t\t\t<img decoding=\"async\" width=\"1024\" height=\"683\" src=\"https:\/\/www.veloclublapomme.com\/wp-content\/uploads\/2025\/04\/486914601_1230742772385330_5097164866160295479_n-1024x683.jpg\" class=\"attachment-large size-large wp-image-4410685\" alt=\"\" srcset=\"https:\/\/www.veloclublapomme.com\/wp-content\/uploads\/2025\/04\/486914601_1230742772385330_5097164866160295479_n-980x653.jpg 980w, https:\/\/www.veloclublapomme.com\/wp-content\/uploads\/2025\/04\/486914601_1230742772385330_5097164866160295479_n-480x320.jpg 480w\" sizes=\"(min-width: 0px) and (max-width: 480px) 480px, (min-width: 481px) and (max-width: 980px) 980px, (min-width: 981px) 1024px, 100vw\" \/>\t\t\t\t\t\t\t\t\t\t\t\t\t\t\t<\/div>\n\t\t\t\t<\/div>\n\t\t\t\t\t<\/div>\n\t\t\t\t<\/div>\n\t\t\t\t<\/div>\n\t\t","protected":false},"excerpt":{"rendered":"<p>La deuxi\u00e8me \u00e9tape de la \ud835\udde5\ud835\uddfc\ud835\uddfb\ud835\uddf1\ud835\uddf2 \ud835\uddf1\ud835\uddf2\ud835\ude00 \ud835\udde0\ud835\uddf6\ud835\uddfb\ud835\uddf6\ud835\uddfa\ud835\uddf2\ud835\ude00 et du \ud835\udde7\ud835\uddfc\ud835\ude02\ud835\uddff \ud835\uddf1\ud835\uddf2\ud835\ude00 \ud835\uddd5\ud835\uddfc\ud835\ude02\ud835\uddf0\ud835\uddf5\ud835\uddf2\ud835\ude00-\ud835\uddf1\ud835\ude02-\ud835\udde5\ud835\uddf5\ud835\uddfc\u0302\ud835\uddfb\ud835\uddf2 \ud835\uddd6\ud835\uddee\ud835\uddf1\ud835\uddf2\ud835\ude01\ud835\ude00 s&rsquo;est d\u00e9roul\u00e9e ce dimanche 30 mars \u00e0 La Ciotat.Sous les yeux attentifs de Patrick Sorin, Pr\u00e9sident du VC La Pomme, les U15 et U17 ont offert un spectacle de haut niveau. En effet, au terme d&rsquo;une course rapide o\u00f9 les attaques ont fus\u00e9, Kylan Touache Blodon, d\u00e9j\u00e0 vainqueur de la premi\u00e8re manche \u00e0 Martigues, a d\u00e9croch\u00e9 son deuxi\u00e8me succ\u00e8s en franchissant la ligne main dans la main avec son co\u00e9quipier, Matisse Bonnet. Cyprien Boug\u00e9 Philippe s&rsquo;est offert un beau cadeau d&rsquo;anniversaire en conservant sa tunique rouge, synonyme de leader du classement des rushs, alors que Leny Planud a endoss\u00e9 le maillot bleu de meilleur Cadet 1.\u00a0Port\u00e9s par l\u2019\u00e9nergie de leurs a\u00een\u00e9s, les U15 ont eux aussi marqu\u00e9 cette journ\u00e9e de leur empreinte. Quentin Filly a remport\u00e9 l&rsquo;\u00e9preuve tandis que N\u00e9o Leroux Saloum a termin\u00e9 \u00e0 la deuxi\u00e8me position.Enfin, Garry Sirol a conserv\u00e9 son e maillot bleu de meilleur Minime 1. La prochaine manche se d\u00e9roulera \u00e0 Arles, le 1er mai prochain.<\/p>\n","protected":false},"author":1,"featured_media":4410685,"comment_status":"closed","ping_status":"closed","sticky":false,"template":"","format":"standard","meta":{"_et_pb_use_builder":"","_et_pb_old_content":"","_et_gb_content_width":"","footnotes":""},"categories":[140,142],"tags":[],"class_list":["post-4410682","post","type-post","status-publish","format-standard","has-post-thumbnail","hentry","category-u15","category-u17"],"aioseo_notices":[],"_links":{"self":[{"href":"https:\/\/www.veloclublapomme.com\/index.php\/wp-json\/wp\/v2\/posts\/4410682","targetHints":{"allow":["GET"]}}],"collection":[{"href":"https:\/\/www.veloclublapomme.com\/index.php\/wp-json\/wp\/v2\/posts"}],"about":[{"href":"https:\/\/www.veloclublapomme.com\/index.php\/wp-json\/wp\/v2\/types\/post"}],"author":[{"embeddable":true,"href":"https:\/\/www.veloclublapomme.com\/index.php\/wp-json\/wp\/v2\/users\/1"}],"replies":[{"embeddable":true,"href":"https:\/\/www.veloclublapomme.com\/index.php\/wp-json\/wp\/v2\/comments?post=4410682"}],"version-history":[{"count":4,"href":"https:\/\/www.veloclublapomme.com\/index.php\/wp-json\/wp\/v2\/posts\/4410682\/revisions"}],"predecessor-version":[{"id":4410689,"href":"https:\/\/www.veloclublapomme.com\/index.php\/wp-json\/wp\/v2\/posts\/4410682\/revisions\/4410689"}],"wp:featuredmedia":[{"embeddable":true,"href":"https:\/\/www.veloclublapomme.com\/index.php\/wp-json\/wp\/v2\/media\/4410685"}],"wp:attachment":[{"href":"https:\/\/www.veloclublapomme.com\/index.php\/wp-json\/wp\/v2\/media?parent=4410682"}],"wp:term":[{"taxonomy":"category","embeddable":true,"href":"https:\/\/www.veloclublapomme.com\/index.php\/wp-json\/wp\/v2\/categories?post=4410682"},{"taxonomy":"post_tag","embeddable":true,"href":"https:\/\/www.veloclublapomme.com\/index.php\/wp-json\/wp\/v2\/tags?post=4410682"}],"curies":[{"name":"wp","href":"https:\/\/api.w.org\/{rel}","templated":true}]}}