{"id":4410745,"date":"2025-04-10T19:00:44","date_gmt":"2025-04-10T17:00:44","guid":{"rendered":"https:\/\/www.veloclublapomme.com\/?p=4410745"},"modified":"2025-04-10T19:15:06","modified_gmt":"2025-04-10T17:15:06","slug":"enfin-la-reprise","status":"publish","type":"post","link":"https:\/\/www.veloclublapomme.com\/index.php\/2025\/04\/10\/enfin-la-reprise\/","title":{"rendered":"Enfin la reprise !"},"content":{"rendered":"\t\t<div data-elementor-type=\"wp-post\" data-elementor-id=\"4410745\" class=\"elementor elementor-4410745\">\n\t\t\t\t<div class=\"elementor-element elementor-element-b813806 e-flex e-con-boxed wpr-particle-no wpr-jarallax-no wpr-parallax-no wpr-sticky-section-no wpr-equal-height-no e-con e-parent\" data-id=\"b813806\" data-element_type=\"container\" data-e-type=\"container\">\n\t\t\t\t\t<div class=\"e-con-inner\">\n\t\t\t\t<div class=\"elementor-element elementor-element-8a42220 elementor-widget elementor-widget-text-editor\" data-id=\"8a42220\" data-element_type=\"widget\" data-e-type=\"widget\" data-widget_type=\"text-editor.default\">\n\t\t\t\t<div class=\"elementor-widget-container\">\n\t\t\t\t\t\t\t\t\t<div class=\"xdj266r x11i5rnm xat24cr x1mh8g0r x1vvkbs x126k92a\"><div dir=\"auto\">Apr\u00e8s plusieurs annulations ces derni\u00e8res semaines, les jeunes cyclistes phoc\u00e9ens ont enfin pu reprendre le chemin des comp\u00e9titions.<br \/><br \/><\/div><\/div><div class=\"x11i5rnm xat24cr x1mh8g0r x1vvkbs xtlvy1s x126k92a\"><div dir=\"auto\">Samedi \u00e0 Vitrolles, les Marseillais ont disput\u00e9 la deuxi\u00e8me manche du Troph\u00e9e R\u00e9gional de cyclisme sur piste sur le V\u00e9lodrome Aim\u00e9 Constant.<\/div><\/div><div class=\"x11i5rnm xat24cr x1mh8g0r x1vvkbs xtlvy1s x126k92a\"><div dir=\"auto\"><br \/>\u00c0 cette occasion, plusieurs belles performances ont \u00e9t\u00e9 enregistr\u00e9es. En effet, Jenny Massa s\u2019est illustr\u00e9e en montant sur la plus haute marche du podium en U7 alors que Julian Gabriel a d\u00e9croch\u00e9 la troisi\u00e8me place en U9 tandis que Rose et Mika Leroux Saloum ont respectivement remport\u00e9 les courses U11 et U13.<\/div><\/div><div class=\"x11i5rnm xat24cr x1mh8g0r x1vvkbs xtlvy1s x126k92a\"><div dir=\"auto\"><br \/>Le lendemain dans le Vaucluse, quelques-uns de nos coureurs ont particip\u00e9 au \ud835\udfed\ud835\uddf2\ud835\uddff \ud835\uddda\ud835\uddff\ud835\uddee\ud835\uddfb\ud835\uddf1 \ud835\udde3\ud835\uddff\ud835\uddf6\ud835\ude05 \ud835\uddf1\ud835\ude02 \ud835\uddd6\ud835\uddf2\ud835\uddfb\ud835\ude01\ud835\uddff\ud835\uddf2 \ud835\udde9\ud835\uddf6\ud835\uddf9\ud835\uddf9\ud835\uddf2 \ud835\udddf\ud835\uddfc\ud835\ude02\ud835\uddf6\ud835\ude00 \ud835\udde3\ud835\uddee\ud835\ude00\ud835\ude01\ud835\uddf2\ud835\ude02\ud835\uddff. L\u00e0 encore, malgr\u00e9 l\u2019encha\u00eenement des \u00e9preuves, nos jeunes coureurs ont une nouvelle fois brill\u00e9.<\/div><\/div><div class=\"x11i5rnm xat24cr x1mh8g0r x1vvkbs xtlvy1s x126k92a\"><div dir=\"auto\">Rose Leroux Saloum a r\u00e9cidiv\u00e9 en s\u2019imposant une deuxi\u00e8me fois en autant de jours tandis que son fr\u00e8re Mika, toujours en grande forme, a termin\u00e9 \u00e0 une excellente deuxi\u00e8me place en U13.<br \/><br \/><\/div><\/div><div class=\"x11i5rnm xat24cr x1mh8g0r x1vvkbs xtlvy1s x126k92a\"><div dir=\"auto\">Un grand bravo \u00e0 eux, mais \u00e9galement \u00e0 tous nos jeunes coureurs pr\u00e9sents sur les diff\u00e9rentes courses, ce week-end<\/div><\/div>\t\t\t\t\t\t\t\t<\/div>\n\t\t\t\t<\/div>\n\t\t\t\t\t<\/div>\n\t\t\t\t<\/div>\n\t\t<div class=\"elementor-element elementor-element-a39c6dc e-flex e-con-boxed wpr-particle-no wpr-jarallax-no wpr-parallax-no wpr-sticky-section-no wpr-equal-height-no e-con e-parent\" data-id=\"a39c6dc\" data-element_type=\"container\" data-e-type=\"container\">\n\t\t\t\t\t<div class=\"e-con-inner\">\n\t\t\t\t<div class=\"elementor-element elementor-element-e7c3bab elementor-widget elementor-widget-image\" data-id=\"e7c3bab\" data-element_type=\"widget\" data-e-type=\"widget\" data-widget_type=\"image.default\">\n\t\t\t\t<div class=\"elementor-widget-container\">\n\t\t\t\t\t\t\t\t\t\t\t\t\t\t\t<img fetchpriority=\"high\" fetchpriority=\"high\" decoding=\"async\" width=\"1024\" height=\"818\" src=\"https:\/\/www.veloclublapomme.com\/wp-content\/uploads\/2025\/04\/490496216_1240037788122495_6047815222959010447_n-1024x818.jpg\" class=\"attachment-large size-large wp-image-4410748\" alt=\"\" srcset=\"https:\/\/www.veloclublapomme.com\/wp-content\/uploads\/2025\/04\/490496216_1240037788122495_6047815222959010447_n-980x783.jpg 980w, https:\/\/www.veloclublapomme.com\/wp-content\/uploads\/2025\/04\/490496216_1240037788122495_6047815222959010447_n-480x383.jpg 480w\" sizes=\"(min-width: 0px) and (max-width: 480px) 480px, (min-width: 481px) and (max-width: 980px) 980px, (min-width: 981px) 1024px, 100vw\" \/>\t\t\t\t\t\t\t\t\t\t\t\t\t\t\t<\/div>\n\t\t\t\t<\/div>\n\t\t\t\t\t<\/div>\n\t\t\t\t<\/div>\n\t\t<div class=\"elementor-element elementor-element-548c869 e-flex e-con-boxed wpr-particle-no wpr-jarallax-no wpr-parallax-no wpr-sticky-section-no wpr-equal-height-no e-con e-parent\" data-id=\"548c869\" data-element_type=\"container\" data-e-type=\"container\">\n\t\t\t\t\t<div class=\"e-con-inner\">\n\t\t\t\t<div class=\"elementor-element elementor-element-b021209 elementor-widget elementor-widget-image\" data-id=\"b021209\" data-element_type=\"widget\" data-e-type=\"widget\" data-widget_type=\"image.default\">\n\t\t\t\t<div class=\"elementor-widget-container\">\n\t\t\t\t\t\t\t\t\t\t\t\t\t\t\t<img decoding=\"async\" width=\"768\" height=\"1024\" src=\"https:\/\/www.veloclublapomme.com\/wp-content\/uploads\/2025\/04\/489580890_1240037344789206_949337003692118992_n-768x1024.jpg\" class=\"attachment-large size-large wp-image-4410747\" alt=\"\" \/>\t\t\t\t\t\t\t\t\t\t\t\t\t\t\t<\/div>\n\t\t\t\t<\/div>\n\t\t\t\t\t<\/div>\n\t\t\t\t<\/div>\n\t\t\t\t<\/div>\n\t\t","protected":false},"excerpt":{"rendered":"<p>Apr\u00e8s plusieurs annulations ces derni\u00e8res semaines, les jeunes cyclistes phoc\u00e9ens ont enfin pu reprendre le chemin des comp\u00e9titions. Samedi \u00e0 Vitrolles, les Marseillais ont disput\u00e9 la deuxi\u00e8me manche du Troph\u00e9e R\u00e9gional de cyclisme sur piste sur le V\u00e9lodrome Aim\u00e9 Constant. \u00c0 cette occasion, plusieurs belles performances ont \u00e9t\u00e9 enregistr\u00e9es. En effet, Jenny Massa s\u2019est illustr\u00e9e en montant sur la plus haute marche du podium en U7 alors que Julian Gabriel a d\u00e9croch\u00e9 la troisi\u00e8me place en U9 tandis que Rose et Mika Leroux Saloum ont respectivement remport\u00e9 les courses U11 et U13. Le lendemain dans le Vaucluse, quelques-uns de nos coureurs ont particip\u00e9 au \ud835\udfed\ud835\uddf2\ud835\uddff \ud835\uddda\ud835\uddff\ud835\uddee\ud835\uddfb\ud835\uddf1 \ud835\udde3\ud835\uddff\ud835\uddf6\ud835\ude05 \ud835\uddf1\ud835\ude02 \ud835\uddd6\ud835\uddf2\ud835\uddfb\ud835\ude01\ud835\uddff\ud835\uddf2 \ud835\udde9\ud835\uddf6\ud835\uddf9\ud835\uddf9\ud835\uddf2 \ud835\udddf\ud835\uddfc\ud835\ude02\ud835\uddf6\ud835\ude00 \ud835\udde3\ud835\uddee\ud835\ude00\ud835\ude01\ud835\uddf2\ud835\ude02\ud835\uddff. L\u00e0 encore, malgr\u00e9 l\u2019encha\u00eenement des \u00e9preuves, nos jeunes coureurs ont une nouvelle fois brill\u00e9.Rose Leroux Saloum a r\u00e9cidiv\u00e9 en s\u2019imposant une deuxi\u00e8me fois en autant de jours tandis que son fr\u00e8re Mika, toujours en grande forme, a termin\u00e9 \u00e0 une excellente deuxi\u00e8me place en U13. Un grand bravo \u00e0 eux, mais \u00e9galement \u00e0 tous nos jeunes coureurs pr\u00e9sents sur les diff\u00e9rentes courses, ce week-end<\/p>\n","protected":false},"author":1,"featured_media":4410754,"comment_status":"closed","ping_status":"closed","sticky":false,"template":"","format":"standard","meta":{"_et_pb_use_builder":"","_et_pb_old_content":"","_et_gb_content_width":"","footnotes":""},"categories":[146],"tags":[],"class_list":["post-4410745","post","type-post","status-publish","format-standard","has-post-thumbnail","hentry","category-edc"],"aioseo_notices":[],"_links":{"self":[{"href":"https:\/\/www.veloclublapomme.com\/index.php\/wp-json\/wp\/v2\/posts\/4410745","targetHints":{"allow":["GET"]}}],"collection":[{"href":"https:\/\/www.veloclublapomme.com\/index.php\/wp-json\/wp\/v2\/posts"}],"about":[{"href":"https:\/\/www.veloclublapomme.com\/index.php\/wp-json\/wp\/v2\/types\/post"}],"author":[{"embeddable":true,"href":"https:\/\/www.veloclublapomme.com\/index.php\/wp-json\/wp\/v2\/users\/1"}],"replies":[{"embeddable":true,"href":"https:\/\/www.veloclublapomme.com\/index.php\/wp-json\/wp\/v2\/comments?post=4410745"}],"version-history":[{"count":4,"href":"https:\/\/www.veloclublapomme.com\/index.php\/wp-json\/wp\/v2\/posts\/4410745\/revisions"}],"predecessor-version":[{"id":4410755,"href":"https:\/\/www.veloclublapomme.com\/index.php\/wp-json\/wp\/v2\/posts\/4410745\/revisions\/4410755"}],"wp:featuredmedia":[{"embeddable":true,"href":"https:\/\/www.veloclublapomme.com\/index.php\/wp-json\/wp\/v2\/media\/4410754"}],"wp:attachment":[{"href":"https:\/\/www.veloclublapomme.com\/index.php\/wp-json\/wp\/v2\/media?parent=4410745"}],"wp:term":[{"taxonomy":"category","embeddable":true,"href":"https:\/\/www.veloclublapomme.com\/index.php\/wp-json\/wp\/v2\/categories?post=4410745"},{"taxonomy":"post_tag","embeddable":true,"href":"https:\/\/www.veloclublapomme.com\/index.php\/wp-json\/wp\/v2\/tags?post=4410745"}],"curies":[{"name":"wp","href":"https:\/\/api.w.org\/{rel}","templated":true}]}}