{"id":4410781,"date":"2025-04-17T20:00:38","date_gmt":"2025-04-17T18:00:38","guid":{"rendered":"https:\/\/www.veloclublapomme.com\/?p=4410781"},"modified":"2025-04-17T23:24:29","modified_gmt":"2025-04-17T21:24:29","slug":"une-nouvelle-manche-du-trophee-regional","status":"publish","type":"post","link":"https:\/\/www.veloclublapomme.com\/index.php\/2025\/04\/17\/une-nouvelle-manche-du-trophee-regional\/","title":{"rendered":"Une nouvelle manche du Troph\u00e9e R\u00e9gional"},"content":{"rendered":"\t\t<div data-elementor-type=\"wp-post\" data-elementor-id=\"4410781\" class=\"elementor elementor-4410781\">\n\t\t\t\t<div class=\"elementor-element elementor-element-8830dbc e-flex e-con-boxed wpr-particle-no wpr-jarallax-no wpr-parallax-no wpr-sticky-section-no wpr-equal-height-no e-con e-parent\" data-id=\"8830dbc\" data-element_type=\"container\" data-e-type=\"container\">\n\t\t\t\t\t<div class=\"e-con-inner\">\n\t\t\t\t<div class=\"elementor-element elementor-element-5ff0111 elementor-widget elementor-widget-text-editor\" data-id=\"5ff0111\" data-element_type=\"widget\" data-e-type=\"widget\" data-widget_type=\"text-editor.default\">\n\t\t\t\t<div class=\"elementor-widget-container\">\n\t\t\t\t\t\t\t\t\t<div class=\"x11i5rnm xat24cr x1mh8g0r x1vvkbs xtlvy1s x126k92a\"><div dir=\"auto\">Le 12 avril dernier, les petits pommiers ont brill\u00e9 lors de la troisi\u00e8me manche du \ud835\udde7\ud835\uddff\ud835\uddfc\ud835\uddfd\ud835\uddf5\ud835\uddf2\u0301\ud835\uddf2 \ud835\udde5\ud835\uddf2\u0301\ud835\uddf4\ud835\uddf6\ud835\uddfc\ud835\uddfb\ud835\uddee\ud835\uddf9 \ud835\uddf1\ud835\uddf2 \ud835\uddf0\ud835\ude06\ud835\uddf0\ud835\uddf9\ud835\uddf6\ud835\ude00\ud835\uddfa\ud835\uddf2 \ud835\ude00\ud835\ude02\ud835\uddff \ud835\uddfd\ud835\uddf6\ud835\ude00\ud835\ude01\ud835\uddf2 disput\u00e9e sur le V\u00e9lodrome Aim\u00e9 Constant \u00e0 Vitrolles. Une journ\u00e9e particuli\u00e8rement r\u00e9ussie pour les Phoc\u00e9ens avec pas moins de six m\u00e9dailles d\u00e9croch\u00e9es.<br \/><br \/><\/div><\/div><div class=\"x11i5rnm xat24cr x1mh8g0r x1vvkbs xtlvy1s x126k92a\"><div dir=\"auto\">Jenny Massa s&rsquo;est impos\u00e9e en U7 tandis que Gaetan Filly y a pris la troisi\u00e8me position. En U9, Julian Gabriel s&rsquo;est offert une belle m\u00e9daille d&rsquo;argent, alors que Rose Leroux Saloum a d\u00e9croch\u00e9 un nouveau succ\u00e8s en U11.<\/div><\/div><div class=\"x11i5rnm xat24cr x1mh8g0r x1vvkbs xtlvy1s x126k92a\"><div dir=\"auto\"><br \/>Enfin, Mika Leroux Saloum et Baptiste Lorenzi ont sign\u00e9 un superbe doubl\u00e9 chez les U13 en s&rsquo;adjugeant respectivement les deux premi\u00e8res positions de l&rsquo;\u00e9preuve.<\/div><div dir=\"auto\">\u00a0<\/div><\/div>\t\t\t\t\t\t\t\t<\/div>\n\t\t\t\t<\/div>\n\t\t\t\t\t<\/div>\n\t\t\t\t<\/div>\n\t\t<div class=\"elementor-element elementor-element-aa228d5 e-flex e-con-boxed wpr-particle-no wpr-jarallax-no wpr-parallax-no wpr-sticky-section-no wpr-equal-height-no e-con e-parent\" data-id=\"aa228d5\" data-element_type=\"container\" data-e-type=\"container\">\n\t\t\t\t\t<div class=\"e-con-inner\">\n\t\t\t\t<div class=\"elementor-element elementor-element-b6c0e3a elementor-widget elementor-widget-image\" data-id=\"b6c0e3a\" data-element_type=\"widget\" data-e-type=\"widget\" data-widget_type=\"image.default\">\n\t\t\t\t<div class=\"elementor-widget-container\">\n\t\t\t\t\t\t\t\t\t\t\t\t\t\t\t<img fetchpriority=\"high\" fetchpriority=\"high\" decoding=\"async\" width=\"483\" height=\"761\" src=\"https:\/\/www.veloclublapomme.com\/wp-content\/uploads\/2025\/04\/8a016ceb-d18e-4b6c-a113-78c36abdf6bd.jpeg\" class=\"attachment-large size-large wp-image-4410782\" alt=\"\" srcset=\"https:\/\/www.veloclublapomme.com\/wp-content\/uploads\/2025\/04\/8a016ceb-d18e-4b6c-a113-78c36abdf6bd.jpeg 483w, https:\/\/www.veloclublapomme.com\/wp-content\/uploads\/2025\/04\/8a016ceb-d18e-4b6c-a113-78c36abdf6bd-480x756.jpeg 480w\" sizes=\"(min-width: 0px) and (max-width: 480px) 480px, (min-width: 481px) 483px, 100vw\" \/>\t\t\t\t\t\t\t\t\t\t\t\t\t\t\t<\/div>\n\t\t\t\t<\/div>\n\t\t\t\t\t<\/div>\n\t\t\t\t<\/div>\n\t\t\t\t<\/div>\n\t\t","protected":false},"excerpt":{"rendered":"<p>Le 12 avril dernier, les petits pommiers ont brill\u00e9 lors de la troisi\u00e8me manche du \ud835\udde7\ud835\uddff\ud835\uddfc\ud835\uddfd\ud835\uddf5\ud835\uddf2\u0301\ud835\uddf2 \ud835\udde5\ud835\uddf2\u0301\ud835\uddf4\ud835\uddf6\ud835\uddfc\ud835\uddfb\ud835\uddee\ud835\uddf9 \ud835\uddf1\ud835\uddf2 \ud835\uddf0\ud835\ude06\ud835\uddf0\ud835\uddf9\ud835\uddf6\ud835\ude00\ud835\uddfa\ud835\uddf2 \ud835\ude00\ud835\ude02\ud835\uddff \ud835\uddfd\ud835\uddf6\ud835\ude00\ud835\ude01\ud835\uddf2 disput\u00e9e sur le V\u00e9lodrome Aim\u00e9 Constant \u00e0 Vitrolles. Une journ\u00e9e particuli\u00e8rement r\u00e9ussie pour les Phoc\u00e9ens avec pas moins de six m\u00e9dailles d\u00e9croch\u00e9es. Jenny Massa s&rsquo;est impos\u00e9e en U7 tandis que Gaetan Filly y a pris la troisi\u00e8me position. En U9, Julian Gabriel s&rsquo;est offert une belle m\u00e9daille d&rsquo;argent, alors que Rose Leroux Saloum a d\u00e9croch\u00e9 un nouveau succ\u00e8s en U11. Enfin, Mika Leroux Saloum et Baptiste Lorenzi ont sign\u00e9 un superbe doubl\u00e9 chez les U13 en s&rsquo;adjugeant respectivement les deux premi\u00e8res positions de l&rsquo;\u00e9preuve.<\/p>\n","protected":false},"author":1,"featured_media":4410789,"comment_status":"closed","ping_status":"closed","sticky":false,"template":"","format":"standard","meta":{"_et_pb_use_builder":"","_et_pb_old_content":"","_et_gb_content_width":"","footnotes":""},"categories":[146],"tags":[],"class_list":["post-4410781","post","type-post","status-publish","format-standard","has-post-thumbnail","hentry","category-edc"],"aioseo_notices":[],"_links":{"self":[{"href":"https:\/\/www.veloclublapomme.com\/index.php\/wp-json\/wp\/v2\/posts\/4410781","targetHints":{"allow":["GET"]}}],"collection":[{"href":"https:\/\/www.veloclublapomme.com\/index.php\/wp-json\/wp\/v2\/posts"}],"about":[{"href":"https:\/\/www.veloclublapomme.com\/index.php\/wp-json\/wp\/v2\/types\/post"}],"author":[{"embeddable":true,"href":"https:\/\/www.veloclublapomme.com\/index.php\/wp-json\/wp\/v2\/users\/1"}],"replies":[{"embeddable":true,"href":"https:\/\/www.veloclublapomme.com\/index.php\/wp-json\/wp\/v2\/comments?post=4410781"}],"version-history":[{"count":5,"href":"https:\/\/www.veloclublapomme.com\/index.php\/wp-json\/wp\/v2\/posts\/4410781\/revisions"}],"predecessor-version":[{"id":4410790,"href":"https:\/\/www.veloclublapomme.com\/index.php\/wp-json\/wp\/v2\/posts\/4410781\/revisions\/4410790"}],"wp:featuredmedia":[{"embeddable":true,"href":"https:\/\/www.veloclublapomme.com\/index.php\/wp-json\/wp\/v2\/media\/4410789"}],"wp:attachment":[{"href":"https:\/\/www.veloclublapomme.com\/index.php\/wp-json\/wp\/v2\/media?parent=4410781"}],"wp:term":[{"taxonomy":"category","embeddable":true,"href":"https:\/\/www.veloclublapomme.com\/index.php\/wp-json\/wp\/v2\/categories?post=4410781"},{"taxonomy":"post_tag","embeddable":true,"href":"https:\/\/www.veloclublapomme.com\/index.php\/wp-json\/wp\/v2\/tags?post=4410781"}],"curies":[{"name":"wp","href":"https:\/\/api.w.org\/{rel}","templated":true}]}}