{"id":4410848,"date":"2025-04-19T20:00:02","date_gmt":"2025-04-19T18:00:02","guid":{"rendered":"https:\/\/www.veloclublapomme.com\/?p=4410848"},"modified":"2025-05-05T00:04:29","modified_gmt":"2025-05-04T22:04:29","slug":"un-clap-de-fin-couronne-de-succes","status":"publish","type":"post","link":"https:\/\/www.veloclublapomme.com\/index.php\/2025\/04\/19\/un-clap-de-fin-couronne-de-succes\/","title":{"rendered":"Un clap de fin couronn\u00e9 de succ\u00e8s"},"content":{"rendered":"\t\t<div data-elementor-type=\"wp-post\" data-elementor-id=\"4410848\" class=\"elementor elementor-4410848\">\n\t\t\t\t<div class=\"elementor-element elementor-element-8b7db25 e-flex e-con-boxed wpr-particle-no wpr-jarallax-no wpr-parallax-no wpr-sticky-section-no wpr-equal-height-no e-con e-parent\" data-id=\"8b7db25\" data-element_type=\"container\" data-e-type=\"container\">\n\t\t\t\t\t<div class=\"e-con-inner\">\n\t\t\t\t<div class=\"elementor-element elementor-element-b6345e8 elementor-widget elementor-widget-text-editor\" data-id=\"b6345e8\" data-element_type=\"widget\" data-e-type=\"widget\" data-widget_type=\"text-editor.default\">\n\t\t\t\t<div class=\"elementor-widget-container\">\n\t\t\t\t\t\t\t\t\t<div class=\"x11i5rnm xat24cr x1mh8g0r x1vvkbs xtlvy1s x126k92a\"><div dir=\"auto\">Au terme de quatre manches disput\u00e9es avec panache, la grande finale du \ud835\udde7\ud835\uddff\ud835\uddfc\ud835\uddfd\ud835\uddf5\ud835\uddf2\u0301\ud835\uddf2 \ud835\udde5\ud835\uddf2\u0301\ud835\uddf4\ud835\uddf6\ud835\uddfc\ud835\uddfb\ud835\uddee\ud835\uddf9 \ud835\uddf1\ud835\uddf2 \ud835\uddf0\ud835\ude06\ud835\uddf0\ud835\uddf9\ud835\uddf6\ud835\ude00\ud835\uddfa\ud835\uddf2 \ud835\ude00\ud835\ude02\ud835\uddff \ud835\uddfd\ud835\uddf6\ud835\ude00\ud835\ude01\ud835\uddf2 s&rsquo;est tenue ce samedi 19 avril sur le v\u00e9lodrome de Port-de-Bouc.<\/div><div dir=\"auto\">\u00a0<\/div><\/div><div class=\"x11i5rnm xat24cr x1mh8g0r x1vvkbs xtlvy1s x126k92a\"><div dir=\"auto\">\u00c0 cette occasion, les Marseillaises et Marseillais ont une nouvelle fois r\u00e9alis\u00e9 plusieurs performances !<\/div><div dir=\"auto\">\u00a0<\/div><\/div><div class=\"x11i5rnm xat24cr x1mh8g0r x1vvkbs xtlvy1s x126k92a\"><div dir=\"auto\">\u00c0 limage de Jenny Massa qui a remport\u00e9 avec brio, le classement g\u00e9n\u00e9ral final U7.<\/div><\/div><div class=\"x11i5rnm xat24cr x1mh8g0r x1vvkbs xtlvy1s x126k92a\"><div dir=\"auto\">Mais ce n\u2019est pas tout. En U9, Julian Gabriel a su d\u00e9montrer toute sa progression depuis le d\u00e9but de la saison. Combatif et appliqu\u00e9, le ciel et blanc s\u2019est hiss\u00e9 sur la deuxi\u00e8me marche du podium.<\/div><\/div><div class=\"x11i5rnm xat24cr x1mh8g0r x1vvkbs xtlvy1s x126k92a\"><div dir=\"auto\">Rose Leroux Saloum a d\u00e9croch\u00e9 la victoire finale en U11, tout comme son fr\u00e8re Mika, en U13.<\/div><div dir=\"auto\">\u00a0<\/div><\/div><div class=\"x11i5rnm xat24cr x1mh8g0r x1vvkbs xtlvy1s x126k92a\"><div dir=\"auto\">Au-del\u00e0 des performances individuelles, cette ultime manche du Troph\u00e9e R\u00e9gional a aussi \u00e9t\u00e9 marqu\u00e9e par le sacre du V\u00e9lo Club La Pomme Marseille dans le classement par \u00e9quipes de l&rsquo;\u00e9preuve.<\/div><\/div>\t\t\t\t\t\t\t\t<\/div>\n\t\t\t\t<\/div>\n\t\t\t\t\t<\/div>\n\t\t\t\t<\/div>\n\t\t<div class=\"elementor-element elementor-element-3819eeb e-flex e-con-boxed wpr-particle-no wpr-jarallax-no wpr-parallax-no wpr-sticky-section-no wpr-equal-height-no e-con e-parent\" data-id=\"3819eeb\" data-element_type=\"container\" data-e-type=\"container\">\n\t\t\t\t\t<div class=\"e-con-inner\">\n\t\t\t\t<div class=\"elementor-element elementor-element-4f7be49 elementor-widget elementor-widget-image\" data-id=\"4f7be49\" data-element_type=\"widget\" data-e-type=\"widget\" data-widget_type=\"image.default\">\n\t\t\t\t<div class=\"elementor-widget-container\">\n\t\t\t\t\t\t\t\t\t\t\t\t\t\t\t<img fetchpriority=\"high\" fetchpriority=\"high\" decoding=\"async\" width=\"768\" height=\"1024\" src=\"https:\/\/www.veloclublapomme.com\/wp-content\/uploads\/2025\/05\/unnamed-file-768x1024.jpg\" class=\"attachment-large size-large wp-image-4410849\" alt=\"\" \/>\t\t\t\t\t\t\t\t\t\t\t\t\t\t\t<\/div>\n\t\t\t\t<\/div>\n\t\t\t\t\t<\/div>\n\t\t\t\t<\/div>\n\t\t\t\t<\/div>\n\t\t","protected":false},"excerpt":{"rendered":"<p>Au terme de quatre manches disput\u00e9es avec panache, la grande finale du \ud835\udde7\ud835\uddff\ud835\uddfc\ud835\uddfd\ud835\uddf5\ud835\uddf2\u0301\ud835\uddf2 \ud835\udde5\ud835\uddf2\u0301\ud835\uddf4\ud835\uddf6\ud835\uddfc\ud835\uddfb\ud835\uddee\ud835\uddf9 \ud835\uddf1\ud835\uddf2 \ud835\uddf0\ud835\ude06\ud835\uddf0\ud835\uddf9\ud835\uddf6\ud835\ude00\ud835\uddfa\ud835\uddf2 \ud835\ude00\ud835\ude02\ud835\uddff \ud835\uddfd\ud835\uddf6\ud835\ude00\ud835\ude01\ud835\uddf2 s&rsquo;est tenue ce samedi 19 avril sur le v\u00e9lodrome de Port-de-Bouc.\u00a0\u00c0 cette occasion, les Marseillaises et Marseillais ont une nouvelle fois r\u00e9alis\u00e9 plusieurs performances !\u00a0\u00c0 limage de Jenny Massa qui a remport\u00e9 avec brio, le classement g\u00e9n\u00e9ral final U7.Mais ce n\u2019est pas tout. En U9, Julian Gabriel a su d\u00e9montrer toute sa progression depuis le d\u00e9but de la saison. Combatif et appliqu\u00e9, le ciel et blanc s\u2019est hiss\u00e9 sur la deuxi\u00e8me marche du podium.Rose Leroux Saloum a d\u00e9croch\u00e9 la victoire finale en U11, tout comme son fr\u00e8re Mika, en U13.\u00a0Au-del\u00e0 des performances individuelles, cette ultime manche du Troph\u00e9e R\u00e9gional a aussi \u00e9t\u00e9 marqu\u00e9e par le sacre du V\u00e9lo Club La Pomme Marseille dans le classement par \u00e9quipes de l&rsquo;\u00e9preuve.<\/p>\n","protected":false},"author":1,"featured_media":4410855,"comment_status":"closed","ping_status":"closed","sticky":false,"template":"","format":"standard","meta":{"_et_pb_use_builder":"","_et_pb_old_content":"","_et_gb_content_width":"","footnotes":""},"categories":[146],"tags":[],"class_list":["post-4410848","post","type-post","status-publish","format-standard","has-post-thumbnail","hentry","category-edc"],"aioseo_notices":[],"_links":{"self":[{"href":"https:\/\/www.veloclublapomme.com\/index.php\/wp-json\/wp\/v2\/posts\/4410848","targetHints":{"allow":["GET"]}}],"collection":[{"href":"https:\/\/www.veloclublapomme.com\/index.php\/wp-json\/wp\/v2\/posts"}],"about":[{"href":"https:\/\/www.veloclublapomme.com\/index.php\/wp-json\/wp\/v2\/types\/post"}],"author":[{"embeddable":true,"href":"https:\/\/www.veloclublapomme.com\/index.php\/wp-json\/wp\/v2\/users\/1"}],"replies":[{"embeddable":true,"href":"https:\/\/www.veloclublapomme.com\/index.php\/wp-json\/wp\/v2\/comments?post=4410848"}],"version-history":[{"count":5,"href":"https:\/\/www.veloclublapomme.com\/index.php\/wp-json\/wp\/v2\/posts\/4410848\/revisions"}],"predecessor-version":[{"id":4410857,"href":"https:\/\/www.veloclublapomme.com\/index.php\/wp-json\/wp\/v2\/posts\/4410848\/revisions\/4410857"}],"wp:featuredmedia":[{"embeddable":true,"href":"https:\/\/www.veloclublapomme.com\/index.php\/wp-json\/wp\/v2\/media\/4410855"}],"wp:attachment":[{"href":"https:\/\/www.veloclublapomme.com\/index.php\/wp-json\/wp\/v2\/media?parent=4410848"}],"wp:term":[{"taxonomy":"category","embeddable":true,"href":"https:\/\/www.veloclublapomme.com\/index.php\/wp-json\/wp\/v2\/categories?post=4410848"},{"taxonomy":"post_tag","embeddable":true,"href":"https:\/\/www.veloclublapomme.com\/index.php\/wp-json\/wp\/v2\/tags?post=4410848"}],"curies":[{"name":"wp","href":"https:\/\/api.w.org\/{rel}","templated":true}]}}