{"id":4411246,"date":"2025-10-05T20:00:31","date_gmt":"2025-10-05T18:00:31","guid":{"rendered":"https:\/\/www.veloclublapomme.com\/?p=4411246"},"modified":"2025-11-19T23:30:08","modified_gmt":"2025-11-19T22:30:08","slug":"armand-robic-champion-regional-encore","status":"publish","type":"post","link":"https:\/\/www.veloclublapomme.com\/index.php\/2025\/10\/05\/armand-robic-champion-regional-encore\/","title":{"rendered":"Armand Robic, champion r\u00e9gional (encore) !"},"content":{"rendered":"\t\t<div data-elementor-type=\"wp-post\" data-elementor-id=\"4411246\" class=\"elementor elementor-4411246\">\n\t\t\t\t<div class=\"elementor-element elementor-element-210862a e-flex e-con-boxed wpr-particle-no wpr-jarallax-no wpr-parallax-no wpr-sticky-section-no wpr-equal-height-no e-con e-parent\" data-id=\"210862a\" data-element_type=\"container\" data-e-type=\"container\">\n\t\t\t\t\t<div class=\"e-con-inner\">\n\t\t\t\t<div class=\"elementor-element elementor-element-f32523a elementor-widget elementor-widget-text-editor\" data-id=\"f32523a\" data-element_type=\"widget\" data-e-type=\"widget\" data-widget_type=\"text-editor.default\">\n\t\t\t\t<div class=\"elementor-widget-container\">\n\t\t\t\t\t\t\t\t\t<p>Apr\u00e8s avoir d\u00e9croch\u00e9 le titre sur les \u00e9preuves d\u2019endurance, le 28 septembre dernier, le Phoc\u00e9en a cette fois-ci domin\u00e9 sa cat\u00e9gorie lors des \u00e9preuves de vitesse.<br class=\"html-br\" \/><br class=\"html-br\" \/>Au terme d&rsquo;un apr\u00e8s-midi tr\u00e8s lactique o\u00f9 il a enchain\u00e9 les manches, Armand s&rsquo;est offert un nouveau titre de champion r\u00e9gional !<br class=\"html-br\" \/><br class=\"html-br\" \/>Il confirme ainsi sa forme \u00e9clatante en r\u00e9alisant un fin de saison de haut niveau.<\/p>\t\t\t\t\t\t\t\t<\/div>\n\t\t\t\t<\/div>\n\t\t\t\t\t<\/div>\n\t\t\t\t<\/div>\n\t\t<div class=\"elementor-element elementor-element-d2a4723 e-flex e-con-boxed wpr-particle-no wpr-jarallax-no wpr-parallax-no wpr-sticky-section-no wpr-equal-height-no e-con e-parent\" data-id=\"d2a4723\" data-element_type=\"container\" data-e-type=\"container\">\n\t\t\t\t\t<div class=\"e-con-inner\">\n\t\t\t\t<div class=\"elementor-element elementor-element-91ea6f0 elementor-widget elementor-widget-image\" data-id=\"91ea6f0\" data-element_type=\"widget\" data-e-type=\"widget\" data-widget_type=\"image.default\">\n\t\t\t\t<div class=\"elementor-widget-container\">\n\t\t\t\t\t\t\t\t\t\t\t\t\t\t\t<img fetchpriority=\"high\" fetchpriority=\"high\" decoding=\"async\" width=\"1024\" height=\"765\" src=\"https:\/\/www.veloclublapomme.com\/wp-content\/uploads\/2025\/11\/Armand-Robic-champion-regional-encore-1024x765.jpg\" class=\"attachment-large size-large wp-image-4411247\" alt=\"\" srcset=\"https:\/\/www.veloclublapomme.com\/wp-content\/uploads\/2025\/11\/Armand-Robic-champion-regional-encore-1024x765.jpg 1024w, https:\/\/www.veloclublapomme.com\/wp-content\/uploads\/2025\/11\/Armand-Robic-champion-regional-encore-980x732.jpg 980w, https:\/\/www.veloclublapomme.com\/wp-content\/uploads\/2025\/11\/Armand-Robic-champion-regional-encore-480x358.jpg 480w\" sizes=\"(min-width: 0px) and (max-width: 480px) 480px, (min-width: 481px) and (max-width: 980px) 980px, (min-width: 981px) 1024px, 100vw\" \/>\t\t\t\t\t\t\t\t\t\t\t\t\t\t\t<\/div>\n\t\t\t\t<\/div>\n\t\t\t\t\t<\/div>\n\t\t\t\t<\/div>\n\t\t\t\t<\/div>\n\t\t","protected":false},"excerpt":{"rendered":"<p>Apr\u00e8s avoir d\u00e9croch\u00e9 le titre sur les \u00e9preuves d\u2019endurance, le 28 septembre dernier, le Phoc\u00e9en a cette fois-ci domin\u00e9 sa cat\u00e9gorie lors des \u00e9preuves de vitesse. Au terme d&rsquo;un apr\u00e8s-midi tr\u00e8s lactique o\u00f9 il a enchain\u00e9 les manches, Armand s&rsquo;est offert un nouveau titre de champion r\u00e9gional ! Il confirme ainsi sa forme \u00e9clatante en r\u00e9alisant un fin de saison de haut niveau.<\/p>\n","protected":false},"author":1,"featured_media":4411247,"comment_status":"closed","ping_status":"closed","sticky":false,"template":"","format":"standard","meta":{"_et_pb_use_builder":"","_et_pb_old_content":"","_et_gb_content_width":"","footnotes":""},"categories":[142],"tags":[],"class_list":["post-4411246","post","type-post","status-publish","format-standard","has-post-thumbnail","hentry","category-u17"],"aioseo_notices":[],"_links":{"self":[{"href":"https:\/\/www.veloclublapomme.com\/index.php\/wp-json\/wp\/v2\/posts\/4411246","targetHints":{"allow":["GET"]}}],"collection":[{"href":"https:\/\/www.veloclublapomme.com\/index.php\/wp-json\/wp\/v2\/posts"}],"about":[{"href":"https:\/\/www.veloclublapomme.com\/index.php\/wp-json\/wp\/v2\/types\/post"}],"author":[{"embeddable":true,"href":"https:\/\/www.veloclublapomme.com\/index.php\/wp-json\/wp\/v2\/users\/1"}],"replies":[{"embeddable":true,"href":"https:\/\/www.veloclublapomme.com\/index.php\/wp-json\/wp\/v2\/comments?post=4411246"}],"version-history":[{"count":4,"href":"https:\/\/www.veloclublapomme.com\/index.php\/wp-json\/wp\/v2\/posts\/4411246\/revisions"}],"predecessor-version":[{"id":4411251,"href":"https:\/\/www.veloclublapomme.com\/index.php\/wp-json\/wp\/v2\/posts\/4411246\/revisions\/4411251"}],"wp:featuredmedia":[{"embeddable":true,"href":"https:\/\/www.veloclublapomme.com\/index.php\/wp-json\/wp\/v2\/media\/4411247"}],"wp:attachment":[{"href":"https:\/\/www.veloclublapomme.com\/index.php\/wp-json\/wp\/v2\/media?parent=4411246"}],"wp:term":[{"taxonomy":"category","embeddable":true,"href":"https:\/\/www.veloclublapomme.com\/index.php\/wp-json\/wp\/v2\/categories?post=4411246"},{"taxonomy":"post_tag","embeddable":true,"href":"https:\/\/www.veloclublapomme.com\/index.php\/wp-json\/wp\/v2\/tags?post=4411246"}],"curies":[{"name":"wp","href":"https:\/\/api.w.org\/{rel}","templated":true}]}}