{"id":4411263,"date":"2025-10-12T20:00:56","date_gmt":"2025-10-12T18:00:56","guid":{"rendered":"https:\/\/www.veloclublapomme.com\/?p=4411263"},"modified":"2025-11-19T23:37:26","modified_gmt":"2025-11-19T22:37:26","slug":"podiums-marseillais-dans-le-vaucluse","status":"publish","type":"post","link":"https:\/\/www.veloclublapomme.com\/index.php\/2025\/10\/12\/podiums-marseillais-dans-le-vaucluse\/","title":{"rendered":"Podiums Marseillais dans le Vaucluse"},"content":{"rendered":"\t\t<div data-elementor-type=\"wp-post\" data-elementor-id=\"4411263\" class=\"elementor elementor-4411263\">\n\t\t\t\t<div class=\"elementor-element elementor-element-6849604 e-flex e-con-boxed wpr-particle-no wpr-jarallax-no wpr-parallax-no wpr-sticky-section-no wpr-equal-height-no e-con e-parent\" data-id=\"6849604\" data-element_type=\"container\" data-e-type=\"container\">\n\t\t\t\t\t<div class=\"e-con-inner\">\n\t\t\t\t<div class=\"elementor-element elementor-element-10d6161 elementor-widget elementor-widget-text-editor\" data-id=\"10d6161\" data-element_type=\"widget\" data-e-type=\"widget\" data-widget_type=\"text-editor.default\">\n\t\t\t\t<div class=\"elementor-widget-container\">\n\t\t\t\t\t\t\t\t\t<div class=\"x14z9mp xat24cr x1lziwak x1vvkbs xtlvy1s x126k92a\"><div dir=\"auto\">Ce dimanche 12 octobre, nos petits Phoc\u00e9ens ont \u00e9galement pris le d\u00e9part de la 23e \u00e9dition du \ud835\uddd6\ud835\ude06\ud835\uddf0\ud835\uddf9\ud835\uddfc-\ud835\uddf0\ud835\uddff\ud835\uddfc\ud835\ude00\ud835\ude00 \ud835\uddf1\ud835\uddf2 \ud835\uddf9\ud835\uddee \ud835\uddda\ud835\uddff\ud835\uddee\ud835\uddf6\ud835\uddf9\ud835\uddf9\ud835\uddf2.<\/div><\/div><div class=\"x14z9mp xat24cr x1lziwak x1vvkbs xtlvy1s x126k92a\"><div dir=\"auto\">Math\u00e9o Paront Vivet s&rsquo;est offert un beau podium en prenant la troisi\u00e8me place de l&rsquo;\u00e9preuve U9. Toujours dans cette cat\u00e9gorie, Pierre Navarro a termin\u00e9 dixi\u00e8me. Raphael Pietroni et Matthias Fischback treize et quatorzi\u00e8me.<\/div><\/div><div class=\"x14z9mp xat24cr x1lziwak x1vvkbs xtlvy1s x126k92a\"><div dir=\"auto\">Du c\u00f4t\u00e9 des U11, l\u00e0 encore, un Marseillais a glan\u00e9 une belle m\u00e9daille d&rsquo;argent en la personne de Th\u00e9o Guichard. Le ciel et blanc signe ainsi son tout premier podium de la saison. Julian Gabriel a lui fini sixi\u00e8me.<\/div><div dir=\"auto\">\u00a0<\/div><\/div><div class=\"x14z9mp xat24cr x1lziwak x1vvkbs xtlvy1s x126k92a\"><div dir=\"auto\">Enfin, \u00e0 l&rsquo;occasion de l&rsquo;ultime course de la matin\u00e9e, celle r\u00e9serv\u00e9e aux coureurs U13, Rose Leroux Saloum a remport\u00e9 le classement f\u00e9minin. Baptiste Lorenzi s&rsquo;est lui class\u00e9 septi\u00e8me.<\/div><div dir=\"auto\">\u00a0<\/div><\/div><div class=\"x14z9mp xat24cr x1lziwak x1vvkbs xtlvy1s x126k92a\"><div dir=\"auto\">Prochain rendez-vous : ce dimanche \u00e0 Ch\u00e2teau-Gombert pour le \ud835\uddf0\ud835\ude06\ud835\uddf0\ud835\uddf9\ud835\uddfc-\ud835\uddf0\ud835\uddff\ud835\uddfc\ud835\ude00\ud835\ude00 \ud835\uddda\ud835\uddfc\ud835\uddfa\ud835\uddef\ud835\uddf2\ud835\uddff\ud835\ude01\ud835\uddfc\ud835\uddf6\ud835\ude00.<\/div><\/div>\t\t\t\t\t\t\t\t<\/div>\n\t\t\t\t<\/div>\n\t\t\t\t\t<\/div>\n\t\t\t\t<\/div>\n\t\t<div class=\"elementor-element elementor-element-ca935da e-flex e-con-boxed wpr-particle-no wpr-jarallax-no wpr-parallax-no wpr-sticky-section-no wpr-equal-height-no e-con e-parent\" data-id=\"ca935da\" data-element_type=\"container\" data-e-type=\"container\">\n\t\t\t\t\t<div class=\"e-con-inner\">\n\t\t\t\t<div class=\"elementor-element elementor-element-2575ac5 elementor-widget elementor-widget-image\" data-id=\"2575ac5\" data-element_type=\"widget\" data-e-type=\"widget\" data-widget_type=\"image.default\">\n\t\t\t\t<div class=\"elementor-widget-container\">\n\t\t\t\t\t\t\t\t\t\t\t\t\t\t\t<img fetchpriority=\"high\" fetchpriority=\"high\" decoding=\"async\" width=\"1024\" height=\"765\" src=\"https:\/\/www.veloclublapomme.com\/wp-content\/uploads\/2025\/11\/Podiums-Marseillais-dans-le-Vaucluse-1024x765.jpg\" class=\"attachment-large size-large wp-image-4411264\" alt=\"\" srcset=\"https:\/\/www.veloclublapomme.com\/wp-content\/uploads\/2025\/11\/Podiums-Marseillais-dans-le-Vaucluse-1024x765.jpg 1024w, https:\/\/www.veloclublapomme.com\/wp-content\/uploads\/2025\/11\/Podiums-Marseillais-dans-le-Vaucluse-980x732.jpg 980w, https:\/\/www.veloclublapomme.com\/wp-content\/uploads\/2025\/11\/Podiums-Marseillais-dans-le-Vaucluse-480x358.jpg 480w\" sizes=\"(min-width: 0px) and (max-width: 480px) 480px, (min-width: 481px) and (max-width: 980px) 980px, (min-width: 981px) 1024px, 100vw\" \/>\t\t\t\t\t\t\t\t\t\t\t\t\t\t\t<\/div>\n\t\t\t\t<\/div>\n\t\t\t\t\t<\/div>\n\t\t\t\t<\/div>\n\t\t\t\t<\/div>\n\t\t","protected":false},"excerpt":{"rendered":"<p>Ce dimanche 12 octobre, nos petits Phoc\u00e9ens ont \u00e9galement pris le d\u00e9part de la 23e \u00e9dition du \ud835\uddd6\ud835\ude06\ud835\uddf0\ud835\uddf9\ud835\uddfc-\ud835\uddf0\ud835\uddff\ud835\uddfc\ud835\ude00\ud835\ude00 \ud835\uddf1\ud835\uddf2 \ud835\uddf9\ud835\uddee \ud835\uddda\ud835\uddff\ud835\uddee\ud835\uddf6\ud835\uddf9\ud835\uddf9\ud835\uddf2.Math\u00e9o Paront Vivet s&rsquo;est offert un beau podium en prenant la troisi\u00e8me place de l&rsquo;\u00e9preuve U9. Toujours dans cette cat\u00e9gorie, Pierre Navarro a termin\u00e9 dixi\u00e8me. Raphael Pietroni et Matthias Fischback treize et quatorzi\u00e8me.Du c\u00f4t\u00e9 des U11, l\u00e0 encore, un Marseillais a glan\u00e9 une belle m\u00e9daille d&rsquo;argent en la personne de Th\u00e9o Guichard. Le ciel et blanc signe ainsi son tout premier podium de la saison. Julian Gabriel a lui fini sixi\u00e8me.\u00a0Enfin, \u00e0 l&rsquo;occasion de l&rsquo;ultime course de la matin\u00e9e, celle r\u00e9serv\u00e9e aux coureurs U13, Rose Leroux Saloum a remport\u00e9 le classement f\u00e9minin. Baptiste Lorenzi s&rsquo;est lui class\u00e9 septi\u00e8me.\u00a0Prochain rendez-vous : ce dimanche \u00e0 Ch\u00e2teau-Gombert pour le \ud835\uddf0\ud835\ude06\ud835\uddf0\ud835\uddf9\ud835\uddfc-\ud835\uddf0\ud835\uddff\ud835\uddfc\ud835\ude00\ud835\ude00 \ud835\uddda\ud835\uddfc\ud835\uddfa\ud835\uddef\ud835\uddf2\ud835\uddff\ud835\ude01\ud835\uddfc\ud835\uddf6\ud835\ude00.<\/p>\n","protected":false},"author":1,"featured_media":4411264,"comment_status":"closed","ping_status":"closed","sticky":false,"template":"","format":"standard","meta":{"_et_pb_use_builder":"","_et_pb_old_content":"","_et_gb_content_width":"","footnotes":""},"categories":[146],"tags":[],"class_list":["post-4411263","post","type-post","status-publish","format-standard","has-post-thumbnail","hentry","category-edc"],"aioseo_notices":[],"_links":{"self":[{"href":"https:\/\/www.veloclublapomme.com\/index.php\/wp-json\/wp\/v2\/posts\/4411263","targetHints":{"allow":["GET"]}}],"collection":[{"href":"https:\/\/www.veloclublapomme.com\/index.php\/wp-json\/wp\/v2\/posts"}],"about":[{"href":"https:\/\/www.veloclublapomme.com\/index.php\/wp-json\/wp\/v2\/types\/post"}],"author":[{"embeddable":true,"href":"https:\/\/www.veloclublapomme.com\/index.php\/wp-json\/wp\/v2\/users\/1"}],"replies":[{"embeddable":true,"href":"https:\/\/www.veloclublapomme.com\/index.php\/wp-json\/wp\/v2\/comments?post=4411263"}],"version-history":[{"count":4,"href":"https:\/\/www.veloclublapomme.com\/index.php\/wp-json\/wp\/v2\/posts\/4411263\/revisions"}],"predecessor-version":[{"id":4411268,"href":"https:\/\/www.veloclublapomme.com\/index.php\/wp-json\/wp\/v2\/posts\/4411263\/revisions\/4411268"}],"wp:featuredmedia":[{"embeddable":true,"href":"https:\/\/www.veloclublapomme.com\/index.php\/wp-json\/wp\/v2\/media\/4411264"}],"wp:attachment":[{"href":"https:\/\/www.veloclublapomme.com\/index.php\/wp-json\/wp\/v2\/media?parent=4411263"}],"wp:term":[{"taxonomy":"category","embeddable":true,"href":"https:\/\/www.veloclublapomme.com\/index.php\/wp-json\/wp\/v2\/categories?post=4411263"},{"taxonomy":"post_tag","embeddable":true,"href":"https:\/\/www.veloclublapomme.com\/index.php\/wp-json\/wp\/v2\/tags?post=4411263"}],"curies":[{"name":"wp","href":"https:\/\/api.w.org\/{rel}","templated":true}]}}