{"id":4411281,"date":"2025-10-19T20:00:36","date_gmt":"2025-10-19T18:00:36","guid":{"rendered":"https:\/\/www.veloclublapomme.com\/?p=4411281"},"modified":"2025-11-19T23:44:22","modified_gmt":"2025-11-19T22:44:22","slug":"une-bien-belle-matinee","status":"publish","type":"post","link":"https:\/\/www.veloclublapomme.com\/index.php\/2025\/10\/19\/une-bien-belle-matinee\/","title":{"rendered":"Une bien belle matin\u00e9e"},"content":{"rendered":"\t\t<div data-elementor-type=\"wp-post\" data-elementor-id=\"4411281\" class=\"elementor elementor-4411281\">\n\t\t\t\t<div class=\"elementor-element elementor-element-7faaf0f e-flex e-con-boxed wpr-particle-no wpr-jarallax-no wpr-parallax-no wpr-sticky-section-no wpr-equal-height-no e-con e-parent\" data-id=\"7faaf0f\" data-element_type=\"container\" data-e-type=\"container\">\n\t\t\t\t\t<div class=\"e-con-inner\">\n\t\t\t\t<div class=\"elementor-element elementor-element-8e2c154 elementor-widget elementor-widget-text-editor\" data-id=\"8e2c154\" data-element_type=\"widget\" data-e-type=\"widget\" data-widget_type=\"text-editor.default\">\n\t\t\t\t<div class=\"elementor-widget-container\">\n\t\t\t\t\t\t\t\t\t<p>Tandis que les plus grands se sont disput\u00e9 la victoire \u00e0 partir de midi, les jeunes coureurs du V\u00e9lo Club La Pomme Marseille disputaient eux aussi le \ud835\uddd6\ud835\ude06\ud835\uddf0\ud835\uddf9\ud835\uddfc-\ud835\uddf0\ud835\uddff\ud835\uddfc\ud835\ude00\ud835\ude00 \ud835\uddda\ud835\uddfc\ud835\uddfa\ud835\uddef\ud835\uddf2\ud835\uddff\ud835\ude01\ud835\uddfc\ud835\uddf6\ud835\ude00<br class=\"html-br\" \/><br class=\"html-br\" \/>Sur le terrain \u00ab\u00a0La Claire\u00a0\u00bb, les petits Marseillaises et Marseillais ont d\u00e9fendu les couleurs phoc\u00e9ennes avec brio. En U7, Ambre Bourgeon Bihl a lanc\u00e9 les hostilit\u00e9s en s&rsquo;adjugeant le classement f\u00e9minin, alors que son co\u00e9quipier Bastien Renalier a termin\u00e9 \u00e0 la quatri\u00e8me position.<br class=\"html-br\" \/><br class=\"html-br\" \/>Du c\u00f4t\u00e9 des U9, la fratrie Renalier a encore brill\u00e9, l\u2019a\u00een\u00e9 cette fois-ci. Martin s&rsquo;est offert une belle m\u00e9daille de bronze en devan\u00e7ant de quelques m\u00e8tres son co\u00e9quipier Pierre Navaro, quatri\u00e8me.<br class=\"html-br\" \/><br class=\"html-br\" \/>En U11, dans la lign\u00e9e de ses pr\u00e9c\u00e9dents r\u00e9sultats, Julian Gabriel a conclu l&rsquo;\u00e9preuve \u00e0 la cinqui\u00e8me position. Th\u00e9o Guichard s&rsquo;est, lui, class\u00e9 dixi\u00e8me.<br class=\"html-br\" \/><br class=\"html-br\" \/>Enfin, en U13, deux Pommiers ont pris place dans le top 10 : Baptiste Lorenzi, troisi\u00e8me, et Jules David, dixi\u00e8me.<br class=\"html-br\" \/><br class=\"html-br\" \/>Prochain rendez-vous : le 2 novembre prochain \u00e0 l&rsquo;occasion du Cyclo-cross Marseillais.<\/p>\t\t\t\t\t\t\t\t<\/div>\n\t\t\t\t<\/div>\n\t\t\t\t\t<\/div>\n\t\t\t\t<\/div>\n\t\t<div class=\"elementor-element elementor-element-5678b7d e-flex e-con-boxed wpr-particle-no wpr-jarallax-no wpr-parallax-no wpr-sticky-section-no wpr-equal-height-no e-con e-parent\" data-id=\"5678b7d\" data-element_type=\"container\" data-e-type=\"container\">\n\t\t\t\t\t<div class=\"e-con-inner\">\n\t\t\t\t<div class=\"elementor-element elementor-element-b5fcff4 elementor-widget elementor-widget-image\" data-id=\"b5fcff4\" data-element_type=\"widget\" data-e-type=\"widget\" data-widget_type=\"image.default\">\n\t\t\t\t<div class=\"elementor-widget-container\">\n\t\t\t\t\t\t\t\t\t\t\t\t\t\t\t<img fetchpriority=\"high\" fetchpriority=\"high\" decoding=\"async\" width=\"1024\" height=\"768\" src=\"https:\/\/www.veloclublapomme.com\/wp-content\/uploads\/2025\/11\/566224115_1417009590425313_6915605142392640378_n-1024x768.jpg\" class=\"attachment-large size-large wp-image-4411282\" alt=\"\" srcset=\"https:\/\/www.veloclublapomme.com\/wp-content\/uploads\/2025\/11\/566224115_1417009590425313_6915605142392640378_n-980x735.jpg 980w, https:\/\/www.veloclublapomme.com\/wp-content\/uploads\/2025\/11\/566224115_1417009590425313_6915605142392640378_n-480x360.jpg 480w\" sizes=\"(min-width: 0px) and (max-width: 480px) 480px, (min-width: 481px) and (max-width: 980px) 980px, (min-width: 981px) 1024px, 100vw\" \/>\t\t\t\t\t\t\t\t\t\t\t\t\t\t\t<\/div>\n\t\t\t\t<\/div>\n\t\t\t\t\t<\/div>\n\t\t\t\t<\/div>\n\t\t\t\t<\/div>\n\t\t","protected":false},"excerpt":{"rendered":"<p>Tandis que les plus grands se sont disput\u00e9 la victoire \u00e0 partir de midi, les jeunes coureurs du V\u00e9lo Club La Pomme Marseille disputaient eux aussi le \ud835\uddd6\ud835\ude06\ud835\uddf0\ud835\uddf9\ud835\uddfc-\ud835\uddf0\ud835\uddff\ud835\uddfc\ud835\ude00\ud835\ude00 \ud835\uddda\ud835\uddfc\ud835\uddfa\ud835\uddef\ud835\uddf2\ud835\uddff\ud835\ude01\ud835\uddfc\ud835\uddf6\ud835\ude00 Sur le terrain \u00ab\u00a0La Claire\u00a0\u00bb, les petits Marseillaises et Marseillais ont d\u00e9fendu les couleurs phoc\u00e9ennes avec brio. En U7, Ambre Bourgeon Bihl a lanc\u00e9 les hostilit\u00e9s en s&rsquo;adjugeant le classement f\u00e9minin, alors que son co\u00e9quipier Bastien Renalier a termin\u00e9 \u00e0 la quatri\u00e8me position. Du c\u00f4t\u00e9 des U9, la fratrie Renalier a encore brill\u00e9, l\u2019a\u00een\u00e9 cette fois-ci. Martin s&rsquo;est offert une belle m\u00e9daille de bronze en devan\u00e7ant de quelques m\u00e8tres son co\u00e9quipier Pierre Navaro, quatri\u00e8me. En U11, dans la lign\u00e9e de ses pr\u00e9c\u00e9dents r\u00e9sultats, Julian Gabriel a conclu l&rsquo;\u00e9preuve \u00e0 la cinqui\u00e8me position. Th\u00e9o Guichard s&rsquo;est, lui, class\u00e9 dixi\u00e8me. Enfin, en U13, deux Pommiers ont pris place dans le top 10 : Baptiste Lorenzi, troisi\u00e8me, et Jules David, dixi\u00e8me. Prochain rendez-vous : le 2 novembre prochain \u00e0 l&rsquo;occasion du Cyclo-cross Marseillais.<\/p>\n","protected":false},"author":1,"featured_media":4411282,"comment_status":"closed","ping_status":"closed","sticky":false,"template":"","format":"standard","meta":{"_et_pb_use_builder":"","_et_pb_old_content":"","_et_gb_content_width":"","footnotes":""},"categories":[146],"tags":[],"class_list":["post-4411281","post","type-post","status-publish","format-standard","has-post-thumbnail","hentry","category-edc"],"aioseo_notices":[],"_links":{"self":[{"href":"https:\/\/www.veloclublapomme.com\/index.php\/wp-json\/wp\/v2\/posts\/4411281","targetHints":{"allow":["GET"]}}],"collection":[{"href":"https:\/\/www.veloclublapomme.com\/index.php\/wp-json\/wp\/v2\/posts"}],"about":[{"href":"https:\/\/www.veloclublapomme.com\/index.php\/wp-json\/wp\/v2\/types\/post"}],"author":[{"embeddable":true,"href":"https:\/\/www.veloclublapomme.com\/index.php\/wp-json\/wp\/v2\/users\/1"}],"replies":[{"embeddable":true,"href":"https:\/\/www.veloclublapomme.com\/index.php\/wp-json\/wp\/v2\/comments?post=4411281"}],"version-history":[{"count":4,"href":"https:\/\/www.veloclublapomme.com\/index.php\/wp-json\/wp\/v2\/posts\/4411281\/revisions"}],"predecessor-version":[{"id":4411286,"href":"https:\/\/www.veloclublapomme.com\/index.php\/wp-json\/wp\/v2\/posts\/4411281\/revisions\/4411286"}],"wp:featuredmedia":[{"embeddable":true,"href":"https:\/\/www.veloclublapomme.com\/index.php\/wp-json\/wp\/v2\/media\/4411282"}],"wp:attachment":[{"href":"https:\/\/www.veloclublapomme.com\/index.php\/wp-json\/wp\/v2\/media?parent=4411281"}],"wp:term":[{"taxonomy":"category","embeddable":true,"href":"https:\/\/www.veloclublapomme.com\/index.php\/wp-json\/wp\/v2\/categories?post=4411281"},{"taxonomy":"post_tag","embeddable":true,"href":"https:\/\/www.veloclublapomme.com\/index.php\/wp-json\/wp\/v2\/tags?post=4411281"}],"curies":[{"name":"wp","href":"https:\/\/api.w.org\/{rel}","templated":true}]}}