{"id":4411287,"date":"2025-10-26T20:00:26","date_gmt":"2025-10-26T19:00:26","guid":{"rendered":"https:\/\/www.veloclublapomme.com\/?p=4411287"},"modified":"2025-11-19T23:53:51","modified_gmt":"2025-11-19T22:53:51","slug":"en-mode-apprentissage","status":"publish","type":"post","link":"https:\/\/www.veloclublapomme.com\/index.php\/2025\/10\/26\/en-mode-apprentissage\/","title":{"rendered":"En mode apprentissage"},"content":{"rendered":"\t\t<div data-elementor-type=\"wp-post\" data-elementor-id=\"4411287\" class=\"elementor elementor-4411287\">\n\t\t\t\t<div class=\"elementor-element elementor-element-2729bb8 e-flex e-con-boxed wpr-particle-no wpr-jarallax-no wpr-parallax-no wpr-sticky-section-no wpr-equal-height-no e-con e-parent\" data-id=\"2729bb8\" data-element_type=\"container\" data-e-type=\"container\">\n\t\t\t\t\t<div class=\"e-con-inner\">\n\t\t\t\t<div class=\"elementor-element elementor-element-53454f8 elementor-widget elementor-widget-text-editor\" data-id=\"53454f8\" data-element_type=\"widget\" data-e-type=\"widget\" data-widget_type=\"text-editor.default\">\n\t\t\t\t<div class=\"elementor-widget-container\">\n\t\t\t\t\t\t\t\t\t<div class=\"x14z9mp xat24cr x1lziwak x1vvkbs xtlvy1s x126k92a\"><div dir=\"auto\">Tout au long de ce dernier week-end d\u2019octobre, Quentin Filly, L\u00e9ny Plagniol, Armand Robic et Maxence Rou\u00e9 ont fi\u00e8rement d\u00e9fendu les couleurs phoc\u00e9ennes lors de la premi\u00e8re manche de la \ud835\uddd6\ud835\uddfc\ud835\ude02\ud835\uddfd\ud835\uddf2 \ud835\uddf1\ud835\uddf2 \ud835\uddd9\ud835\uddff\ud835\uddee\ud835\uddfb\ud835\uddf0\ud835\uddf2 \ud835\uddf1\ud835\uddf2 \ud835\uddf0\ud835\ude06\ud835\uddf0\ud835\uddf9\ud835\uddfc-\ud835\uddf0\ud835\uddff\ud835\uddfc\ud835\ude00\ud835\ude00, disput\u00e9e \u00e0 Albi.<\/div><div dir=\"auto\">\u00a0<\/div><\/div><div class=\"x14z9mp xat24cr x1lziwak x1vvkbs xtlvy1s x126k92a\"><div dir=\"auto\">Les Marseillais ont profit\u00e9 de leur venue sur le premier circuit permanent fran\u00e7ais pour engranger de l\u2019exp\u00e9rience et se confronter au haut niveau national.<\/div><div dir=\"auto\">\u00a0<\/div><div dir=\"auto\">Malgr\u00e9 des chutes et quelques probl\u00e8mes m\u00e9caniques venus perturber les deux journ\u00e9es de comp\u00e9tition, les Pommiers ne sont pas ressortis abattus, bien au contraire !<\/div><\/div><div class=\"x14z9mp xat24cr x1lziwak x1vvkbs xtlvy1s x126k92a\"><div dir=\"auto\">\u00a0<\/div><div dir=\"auto\">Certains d\u2019entre eux ont d\u2019ores et d\u00e9j\u00e0 pris rendez-vous avec la seconde manche, programm\u00e9e du c\u00f4t\u00e9 de Quelneuc en Ille-et-Vilaine, les 15 et 16 novembre prochains.<\/div><\/div>\t\t\t\t\t\t\t\t<\/div>\n\t\t\t\t<\/div>\n\t\t\t\t\t<\/div>\n\t\t\t\t<\/div>\n\t\t<div class=\"elementor-element elementor-element-e93196b e-flex e-con-boxed wpr-particle-no wpr-jarallax-no wpr-parallax-no wpr-sticky-section-no wpr-equal-height-no e-con e-parent\" data-id=\"e93196b\" data-element_type=\"container\" data-e-type=\"container\">\n\t\t\t\t\t<div class=\"e-con-inner\">\n\t\t\t\t<div class=\"elementor-element elementor-element-65a40d6 elementor-widget elementor-widget-image\" data-id=\"65a40d6\" data-element_type=\"widget\" data-e-type=\"widget\" data-widget_type=\"image.default\">\n\t\t\t\t<div class=\"elementor-widget-container\">\n\t\t\t\t\t\t\t\t\t\t\t\t\t\t\t<img fetchpriority=\"high\" fetchpriority=\"high\" decoding=\"async\" width=\"1024\" height=\"683\" src=\"https:\/\/www.veloclublapomme.com\/wp-content\/uploads\/2025\/11\/571347778_1423415286451410_1587517996398791526_n-1024x683.jpg\" class=\"attachment-large size-large wp-image-4411288\" alt=\"\" srcset=\"https:\/\/www.veloclublapomme.com\/wp-content\/uploads\/2025\/11\/571347778_1423415286451410_1587517996398791526_n-980x653.jpg 980w, https:\/\/www.veloclublapomme.com\/wp-content\/uploads\/2025\/11\/571347778_1423415286451410_1587517996398791526_n-480x320.jpg 480w\" sizes=\"(min-width: 0px) and (max-width: 480px) 480px, (min-width: 481px) and (max-width: 980px) 980px, (min-width: 981px) 1024px, 100vw\" \/>\t\t\t\t\t\t\t\t\t\t\t\t\t\t\t<\/div>\n\t\t\t\t<\/div>\n\t\t\t\t<div class=\"elementor-element elementor-element-c524bcf elementor-widget elementor-widget-image\" data-id=\"c524bcf\" data-element_type=\"widget\" data-e-type=\"widget\" data-widget_type=\"image.default\">\n\t\t\t\t<div class=\"elementor-widget-container\">\n\t\t\t\t\t\t\t\t\t\t\t\t\t\t\t<img decoding=\"async\" width=\"1024\" height=\"683\" src=\"https:\/\/www.veloclublapomme.com\/wp-content\/uploads\/2025\/11\/571155273_1423415293118076_4749119089532118906_n-1024x683.jpg\" class=\"attachment-large size-large wp-image-4411290\" alt=\"\" srcset=\"https:\/\/www.veloclublapomme.com\/wp-content\/uploads\/2025\/11\/571155273_1423415293118076_4749119089532118906_n-980x653.jpg 980w, https:\/\/www.veloclublapomme.com\/wp-content\/uploads\/2025\/11\/571155273_1423415293118076_4749119089532118906_n-480x320.jpg 480w\" sizes=\"(min-width: 0px) and (max-width: 480px) 480px, (min-width: 481px) and (max-width: 980px) 980px, (min-width: 981px) 1024px, 100vw\" \/>\t\t\t\t\t\t\t\t\t\t\t\t\t\t\t<\/div>\n\t\t\t\t<\/div>\n\t\t\t\t<div class=\"elementor-element elementor-element-b3eaf57 elementor-widget elementor-widget-image\" data-id=\"b3eaf57\" data-element_type=\"widget\" data-e-type=\"widget\" data-widget_type=\"image.default\">\n\t\t\t\t<div class=\"elementor-widget-container\">\n\t\t\t\t\t\t\t\t\t\t\t\t\t\t\t<img decoding=\"async\" width=\"1024\" height=\"683\" src=\"https:\/\/www.veloclublapomme.com\/wp-content\/uploads\/2025\/11\/571369445_1423415266451412_7742838844973208590_n-1024x683.jpg\" class=\"attachment-large size-large wp-image-4411291\" alt=\"\" srcset=\"https:\/\/www.veloclublapomme.com\/wp-content\/uploads\/2025\/11\/571369445_1423415266451412_7742838844973208590_n-980x653.jpg 980w, https:\/\/www.veloclublapomme.com\/wp-content\/uploads\/2025\/11\/571369445_1423415266451412_7742838844973208590_n-480x320.jpg 480w\" sizes=\"(min-width: 0px) and (max-width: 480px) 480px, (min-width: 481px) and (max-width: 980px) 980px, (min-width: 981px) 1024px, 100vw\" \/>\t\t\t\t\t\t\t\t\t\t\t\t\t\t\t<\/div>\n\t\t\t\t<\/div>\n\t\t\t\t<div class=\"elementor-element elementor-element-51537cf elementor-widget elementor-widget-image\" data-id=\"51537cf\" data-element_type=\"widget\" data-e-type=\"widget\" data-widget_type=\"image.default\">\n\t\t\t\t<div class=\"elementor-widget-container\">\n\t\t\t\t\t\t\t\t\t\t\t\t\t\t\t<img loading=\"lazy\" loading=\"lazy\" decoding=\"async\" width=\"1024\" height=\"683\" src=\"https:\/\/www.veloclublapomme.com\/wp-content\/uploads\/2025\/11\/571663772_1423415289784743_1186495097148565_n-1024x683.jpg\" class=\"attachment-large size-large wp-image-4411292\" alt=\"\" srcset=\"https:\/\/www.veloclublapomme.com\/wp-content\/uploads\/2025\/11\/571663772_1423415289784743_1186495097148565_n-980x653.jpg 980w, https:\/\/www.veloclublapomme.com\/wp-content\/uploads\/2025\/11\/571663772_1423415289784743_1186495097148565_n-480x320.jpg 480w\" sizes=\"(min-width: 0px) and (max-width: 480px) 480px, (min-width: 481px) and (max-width: 980px) 980px, (min-width: 981px) 1024px, 100vw\" \/>\t\t\t\t\t\t\t\t\t\t\t\t\t\t\t<\/div>\n\t\t\t\t<\/div>\n\t\t\t\t\t<\/div>\n\t\t\t\t<\/div>\n\t\t<div class=\"elementor-element elementor-element-03e9671 e-flex e-con-boxed wpr-particle-no wpr-jarallax-no wpr-parallax-no wpr-sticky-section-no wpr-equal-height-no e-con e-parent\" data-id=\"03e9671\" data-element_type=\"container\" data-e-type=\"container\">\n\t\t\t\t\t<div class=\"e-con-inner\">\n\t\t\t\t<div class=\"elementor-element elementor-element-cbfdb9b elementor-widget elementor-widget-text-editor\" data-id=\"cbfdb9b\" data-element_type=\"widget\" data-e-type=\"widget\" data-widget_type=\"text-editor.default\">\n\t\t\t\t<div class=\"elementor-widget-container\">\n\t\t\t\t\t\t\t\t\t<p>\u00a9 Guigui Photographe<\/p>\t\t\t\t\t\t\t\t<\/div>\n\t\t\t\t<\/div>\n\t\t\t\t\t<\/div>\n\t\t\t\t<\/div>\n\t\t\t\t<\/div>\n\t\t","protected":false},"excerpt":{"rendered":"<p>Tout au long de ce dernier week-end d\u2019octobre, Quentin Filly, L\u00e9ny Plagniol, Armand Robic et Maxence Rou\u00e9 ont fi\u00e8rement d\u00e9fendu les couleurs phoc\u00e9ennes lors de la premi\u00e8re manche de la \ud835\uddd6\ud835\uddfc\ud835\ude02\ud835\uddfd\ud835\uddf2 \ud835\uddf1\ud835\uddf2 \ud835\uddd9\ud835\uddff\ud835\uddee\ud835\uddfb\ud835\uddf0\ud835\uddf2 \ud835\uddf1\ud835\uddf2 \ud835\uddf0\ud835\ude06\ud835\uddf0\ud835\uddf9\ud835\uddfc-\ud835\uddf0\ud835\uddff\ud835\uddfc\ud835\ude00\ud835\ude00, disput\u00e9e \u00e0 Albi.\u00a0Les Marseillais ont profit\u00e9 de leur venue sur le premier circuit permanent fran\u00e7ais pour engranger de l\u2019exp\u00e9rience et se confronter au haut niveau national.\u00a0Malgr\u00e9 des chutes et quelques probl\u00e8mes m\u00e9caniques venus perturber les deux journ\u00e9es de comp\u00e9tition, les Pommiers ne sont pas ressortis abattus, bien au contraire !\u00a0Certains d\u2019entre eux ont d\u2019ores et d\u00e9j\u00e0 pris rendez-vous avec la seconde manche, programm\u00e9e du c\u00f4t\u00e9 de Quelneuc en Ille-et-Vilaine, les 15 et 16 novembre prochains. \u00a9 Guigui Photographe<\/p>\n","protected":false},"author":1,"featured_media":4411288,"comment_status":"open","ping_status":"open","sticky":false,"template":"","format":"standard","meta":{"_et_pb_use_builder":"","_et_pb_old_content":"","_et_gb_content_width":"","footnotes":""},"categories":[142,99],"tags":[],"class_list":["post-4411287","post","type-post","status-publish","format-standard","has-post-thumbnail","hentry","category-u17","category-u19"],"aioseo_notices":[],"_links":{"self":[{"href":"https:\/\/www.veloclublapomme.com\/index.php\/wp-json\/wp\/v2\/posts\/4411287","targetHints":{"allow":["GET"]}}],"collection":[{"href":"https:\/\/www.veloclublapomme.com\/index.php\/wp-json\/wp\/v2\/posts"}],"about":[{"href":"https:\/\/www.veloclublapomme.com\/index.php\/wp-json\/wp\/v2\/types\/post"}],"author":[{"embeddable":true,"href":"https:\/\/www.veloclublapomme.com\/index.php\/wp-json\/wp\/v2\/users\/1"}],"replies":[{"embeddable":true,"href":"https:\/\/www.veloclublapomme.com\/index.php\/wp-json\/wp\/v2\/comments?post=4411287"}],"version-history":[{"count":6,"href":"https:\/\/www.veloclublapomme.com\/index.php\/wp-json\/wp\/v2\/posts\/4411287\/revisions"}],"predecessor-version":[{"id":4411300,"href":"https:\/\/www.veloclublapomme.com\/index.php\/wp-json\/wp\/v2\/posts\/4411287\/revisions\/4411300"}],"wp:featuredmedia":[{"embeddable":true,"href":"https:\/\/www.veloclublapomme.com\/index.php\/wp-json\/wp\/v2\/media\/4411288"}],"wp:attachment":[{"href":"https:\/\/www.veloclublapomme.com\/index.php\/wp-json\/wp\/v2\/media?parent=4411287"}],"wp:term":[{"taxonomy":"category","embeddable":true,"href":"https:\/\/www.veloclublapomme.com\/index.php\/wp-json\/wp\/v2\/categories?post=4411287"},{"taxonomy":"post_tag","embeddable":true,"href":"https:\/\/www.veloclublapomme.com\/index.php\/wp-json\/wp\/v2\/tags?post=4411287"}],"curies":[{"name":"wp","href":"https:\/\/api.w.org\/{rel}","templated":true}]}}