{"id":4411382,"date":"2025-11-26T20:00:33","date_gmt":"2025-11-26T19:00:33","guid":{"rendered":"https:\/\/www.veloclublapomme.com\/?p=4411382"},"modified":"2025-11-28T14:30:19","modified_gmt":"2025-11-28T13:30:19","slug":"premier-regroupement-de-lequipe-ambition-la-pomme","status":"publish","type":"post","link":"https:\/\/www.veloclublapomme.com\/index.php\/2025\/11\/26\/premier-regroupement-de-lequipe-ambition-la-pomme\/","title":{"rendered":"Premier regroupement de l&rsquo;\u00e9quipe Ambition La Pomme !"},"content":{"rendered":"\t\t<div data-elementor-type=\"wp-post\" data-elementor-id=\"4411382\" class=\"elementor elementor-4411382\">\n\t\t\t\t<div class=\"elementor-element elementor-element-9d5b3d7 e-flex e-con-boxed wpr-particle-no wpr-jarallax-no wpr-parallax-no wpr-sticky-section-no wpr-equal-height-no e-con e-parent\" data-id=\"9d5b3d7\" data-element_type=\"container\" data-e-type=\"container\">\n\t\t\t\t\t<div class=\"e-con-inner\">\n\t\t\t\t<div class=\"elementor-element elementor-element-aaa5dba elementor-widget elementor-widget-text-editor\" data-id=\"aaa5dba\" data-element_type=\"widget\" data-e-type=\"widget\" data-widget_type=\"text-editor.default\">\n\t\t\t\t<div class=\"elementor-widget-container\">\n\t\t\t\t\t\t\t\t\t<p class=\"p1\">En Ard\u00e8che, sous un ciel cl\u00e9ment mais une temp\u00e9rature (tr\u00e8s) fraiche, les U19 ont effectu\u00e9 leurs tous premiers tours de roues ensemble.<\/p>\n<p class=\"p1\">Pendant deux jours, les Phoc\u00e9ens ont ainsi pu reconna\u00eetre quelques routes de la Fl\u00e8che Ard\u00e9choise, \u00e9preuve inscrite au calendrier f\u00e9d\u00e9ral. En parall\u00e8le, les gar\u00e7ons ont encha\u00een\u00e9 s\u00e9ances de yoga, mobilit\u00e9 et renforcement musculaire.<\/p>\n<p class=\"p1\">Antoine Cardonnel, m\u00e9canicien pour des \u00e9quipes professionnelles est \u00e9galement venu rappeler les fondamentaux m\u00e9caniques et les r\u00e9glementations propres \u00e0 la cat\u00e9gorie U19.<\/p>\n<p class=\"p1\">Une sortie trail est venue conclure ce rassemblement dans la bonne humeur.<\/p>\n<p class=\"p1\">Au-del\u00e0 de la pr\u00e9paration sportive, ce rendez-vous pose les premi\u00e8res pierres de l\u2019\u00e9quipe U19 version 2026 et lance<span style=\"font-size: 14px;\">&nbsp;officiellement le projet Ambition, nouvelle colonne vert\u00e9brale du d\u00e9veloppement du club.<\/span><\/p>\t\t\t\t\t\t\t\t<\/div>\n\t\t\t\t<\/div>\n\t\t\t\t\t<\/div>\n\t\t\t\t<\/div>\n\t\t<div class=\"elementor-element elementor-element-58ae75c e-flex e-con-boxed wpr-particle-no wpr-jarallax-no wpr-parallax-no wpr-sticky-section-no wpr-equal-height-no e-con e-parent\" data-id=\"58ae75c\" data-element_type=\"container\" data-e-type=\"container\">\n\t\t\t\t\t<div class=\"e-con-inner\">\n\t\t\t\t<div class=\"elementor-element elementor-element-854e666 elementor-widget elementor-widget-image\" data-id=\"854e666\" data-element_type=\"widget\" data-e-type=\"widget\" data-widget_type=\"image.default\">\n\t\t\t\t<div class=\"elementor-widget-container\">\n\t\t\t\t\t\t\t\t\t\t\t\t\t\t\t<img fetchpriority=\"high\" fetchpriority=\"high\" decoding=\"async\" width=\"1024\" height=\"768\" src=\"https:\/\/www.veloclublapomme.com\/wp-content\/uploads\/2025\/11\/590748383_1449058893887049_552417709763945746_n-1024x768.jpg\" class=\"attachment-large size-large wp-image-4411386\" alt=\"\" srcset=\"https:\/\/www.veloclublapomme.com\/wp-content\/uploads\/2025\/11\/590748383_1449058893887049_552417709763945746_n-980x735.jpg 980w, https:\/\/www.veloclublapomme.com\/wp-content\/uploads\/2025\/11\/590748383_1449058893887049_552417709763945746_n-480x360.jpg 480w\" sizes=\"(min-width: 0px) and (max-width: 480px) 480px, (min-width: 481px) and (max-width: 980px) 980px, (min-width: 981px) 1024px, 100vw\" \/>\t\t\t\t\t\t\t\t\t\t\t\t\t\t\t<\/div>\n\t\t\t\t<\/div>\n\t\t\t\t\t<\/div>\n\t\t\t\t<\/div>\n\t\t\t\t<\/div>\n\t\t","protected":false},"excerpt":{"rendered":"<p>En Ard\u00e8che, sous un ciel cl\u00e9ment mais une temp\u00e9rature (tr\u00e8s) fraiche, les U19 ont effectu\u00e9 leurs tous premiers tours de roues ensemble. Pendant deux jours, les Phoc\u00e9ens ont ainsi pu reconna\u00eetre quelques routes de la Fl\u00e8che Ard\u00e9choise, \u00e9preuve inscrite au calendrier f\u00e9d\u00e9ral. En parall\u00e8le, les gar\u00e7ons ont encha\u00een\u00e9 s\u00e9ances de yoga, mobilit\u00e9 et renforcement musculaire. Antoine Cardonnel, m\u00e9canicien pour des \u00e9quipes professionnelles est \u00e9galement venu rappeler les fondamentaux m\u00e9caniques et les r\u00e9glementations propres \u00e0 la cat\u00e9gorie U19. Une sortie trail est venue conclure ce rassemblement dans la bonne humeur. Au-del\u00e0 de la pr\u00e9paration sportive, ce rendez-vous pose les premi\u00e8res pierres de l\u2019\u00e9quipe U19 version 2026 et lance&nbsp;officiellement le projet Ambition, nouvelle colonne vert\u00e9brale du d\u00e9veloppement du club.<\/p>\n","protected":false},"author":1,"featured_media":4411383,"comment_status":"closed","ping_status":"closed","sticky":false,"template":"","format":"standard","meta":{"_et_pb_use_builder":"","_et_pb_old_content":"","_et_gb_content_width":"","footnotes":""},"categories":[99],"tags":[],"class_list":["post-4411382","post","type-post","status-publish","format-standard","has-post-thumbnail","hentry","category-u19"],"aioseo_notices":[],"_links":{"self":[{"href":"https:\/\/www.veloclublapomme.com\/index.php\/wp-json\/wp\/v2\/posts\/4411382","targetHints":{"allow":["GET"]}}],"collection":[{"href":"https:\/\/www.veloclublapomme.com\/index.php\/wp-json\/wp\/v2\/posts"}],"about":[{"href":"https:\/\/www.veloclublapomme.com\/index.php\/wp-json\/wp\/v2\/types\/post"}],"author":[{"embeddable":true,"href":"https:\/\/www.veloclublapomme.com\/index.php\/wp-json\/wp\/v2\/users\/1"}],"replies":[{"embeddable":true,"href":"https:\/\/www.veloclublapomme.com\/index.php\/wp-json\/wp\/v2\/comments?post=4411382"}],"version-history":[{"count":4,"href":"https:\/\/www.veloclublapomme.com\/index.php\/wp-json\/wp\/v2\/posts\/4411382\/revisions"}],"predecessor-version":[{"id":4411390,"href":"https:\/\/www.veloclublapomme.com\/index.php\/wp-json\/wp\/v2\/posts\/4411382\/revisions\/4411390"}],"wp:featuredmedia":[{"embeddable":true,"href":"https:\/\/www.veloclublapomme.com\/index.php\/wp-json\/wp\/v2\/media\/4411383"}],"wp:attachment":[{"href":"https:\/\/www.veloclublapomme.com\/index.php\/wp-json\/wp\/v2\/media?parent=4411382"}],"wp:term":[{"taxonomy":"category","embeddable":true,"href":"https:\/\/www.veloclublapomme.com\/index.php\/wp-json\/wp\/v2\/categories?post=4411382"},{"taxonomy":"post_tag","embeddable":true,"href":"https:\/\/www.veloclublapomme.com\/index.php\/wp-json\/wp\/v2\/tags?post=4411382"}],"curies":[{"name":"wp","href":"https:\/\/api.w.org\/{rel}","templated":true}]}}