{"id":4411391,"date":"2025-11-30T20:00:38","date_gmt":"2025-11-30T19:00:38","guid":{"rendered":"https:\/\/www.veloclublapomme.com\/?p=4411391"},"modified":"2025-11-30T23:49:46","modified_gmt":"2025-11-30T22:49:46","slug":"du-rythme-et-des-watts","status":"publish","type":"post","link":"https:\/\/www.veloclublapomme.com\/index.php\/2025\/11\/30\/du-rythme-et-des-watts\/","title":{"rendered":"Du rythme et des watts !"},"content":{"rendered":"\t\t<div data-elementor-type=\"wp-post\" data-elementor-id=\"4411391\" class=\"elementor elementor-4411391\">\n\t\t\t\t<div class=\"elementor-element elementor-element-9517795 e-flex e-con-boxed wpr-particle-no wpr-jarallax-no wpr-parallax-no wpr-sticky-section-no wpr-equal-height-no e-con e-parent\" data-id=\"9517795\" data-element_type=\"container\" data-e-type=\"container\">\n\t\t\t\t\t<div class=\"e-con-inner\">\n\t\t\t\t<div class=\"elementor-element elementor-element-5389c71 elementor-widget elementor-widget-text-editor\" data-id=\"5389c71\" data-element_type=\"widget\" data-e-type=\"widget\" data-widget_type=\"text-editor.default\">\n\t\t\t\t<div class=\"elementor-widget-container\">\n\t\t\t\t\t\t\t\t\t<div class=\"\" data-block=\"true\" data-editor=\"fcsa\" data-offset-key=\"8fk5u-0-0\"><div class=\"_1mf _1mj\" data-offset-key=\"8fk5u-0-0\">Pr\u00e8s de 220 coureurs ont pris le d\u00e9part du Cyclo-cross de Luminy, qui faisait cette ann\u00e9e, office de support du Championnat d\u00e9partemental des Bouches-du-Rh\u00f4ne, pour les courses de l\u2019apr\u00e8s-midi.<\/div><\/div><div class=\"\" data-block=\"true\" data-editor=\"fcsa\" data-offset-key=\"4dvd3-0-0\"><div class=\"_1mf _1mj\" data-offset-key=\"4dvd3-0-0\"><span data-offset-key=\"4dvd3-0-0\">\u00a0<\/span><\/div><\/div><div class=\"\" data-block=\"true\" data-editor=\"fcsa\" data-offset-key=\"d3d7c-0-0\"><div class=\"_1mf _1mj\" data-offset-key=\"d3d7c-0-0\"><span data-offset-key=\"d3d7c-0-0\">Un grand merci \u00e0 tous les participants pour leur pr\u00e9sence, malgr\u00e9 une pluie constante. <\/span><\/div><\/div><div class=\"\" data-block=\"true\" data-editor=\"fcsa\" data-offset-key=\"fr3et-0-0\"><div class=\"_1mf _1mj\" data-offset-key=\"fr3et-0-0\"><span data-offset-key=\"fr3et-0-0\">\u00a0<\/span><\/div><\/div><div class=\"\" data-block=\"true\" data-editor=\"fcsa\" data-offset-key=\"b8h2c-0-0\"><div class=\"_1mf _1mj\" data-offset-key=\"b8h2c-0-0\"><span data-offset-key=\"b8h2c-0-0\">Merci \u00e9galement \u00e0 tous nos b\u00e9n\u00e9voles mobilis\u00e9s pour l&rsquo;occasion, ainsi qu&rsquo;\u00e0 nos partenaires pour leur pr\u00e9cieux soutien\u00a0<\/span><\/div><\/div><div class=\"\" data-block=\"true\" data-editor=\"fcsa\" data-offset-key=\"2l8m7-0-0\"><div class=\"_1mf _1mj\" data-offset-key=\"2l8m7-0-0\"><span data-offset-key=\"2l8m7-0-0\">\u00a0<\/span><\/div><\/div><div class=\"\" data-block=\"true\" data-editor=\"fcsa\" data-offset-key=\"cbjmc-0-0\"><div class=\"_1mf _1mj\" data-offset-key=\"cbjmc-0-0\"><strong><span class=\"_247o\" spellcheck=\"false\" data-offset-key=\"cbjmc-0-0\">Ville de Marseille<\/span> &#8211; <span class=\"_247o\" spellcheck=\"false\" data-offset-key=\"cbjmc-2-0\">Bouticycle Marseille<\/span> &#8211; <span class=\"_247o\" spellcheck=\"false\" data-offset-key=\"cbjmc-4-0\">POLI<\/span> &#8211; <span class=\"_247o\" spellcheck=\"false\" data-offset-key=\"cbjmc-6-0\">Facult\u00e9 des Sciences du Sport d&rsquo;Aix-Marseille Universit\u00e9<\/span> &#8211; <span class=\"_247o\" spellcheck=\"false\" data-offset-key=\"cbjmc-8-0\">F\u00e9d\u00e9ration Fran\u00e7aise de Cyclisme (FFC)<\/span><\/strong><\/div><\/div>\t\t\t\t\t\t\t\t<\/div>\n\t\t\t\t<\/div>\n\t\t\t\t\t<\/div>\n\t\t\t\t<\/div>\n\t\t<div class=\"elementor-element elementor-element-b86cc16 e-grid e-con-full wpr-particle-no wpr-jarallax-no wpr-parallax-no wpr-sticky-section-no wpr-equal-height-no e-con e-parent\" data-id=\"b86cc16\" data-element_type=\"container\" data-e-type=\"container\">\n\t\t\t\t<div class=\"elementor-element elementor-element-f7d4222 elementor-widget elementor-widget-image\" data-id=\"f7d4222\" data-element_type=\"widget\" data-e-type=\"widget\" data-widget_type=\"image.default\">\n\t\t\t\t<div class=\"elementor-widget-container\">\n\t\t\t\t\t\t\t\t\t\t\t\t\t\t\t<img fetchpriority=\"high\" fetchpriority=\"high\" decoding=\"async\" width=\"1024\" height=\"683\" src=\"https:\/\/www.veloclublapomme.com\/wp-content\/uploads\/2025\/11\/CAN9543-1024x683.jpg\" class=\"attachment-large size-large wp-image-4411393\" alt=\"\" srcset=\"https:\/\/www.veloclublapomme.com\/wp-content\/uploads\/2025\/11\/CAN9543-980x653.jpg 980w, https:\/\/www.veloclublapomme.com\/wp-content\/uploads\/2025\/11\/CAN9543-480x320.jpg 480w\" sizes=\"(min-width: 0px) and (max-width: 480px) 480px, (min-width: 481px) and (max-width: 980px) 980px, (min-width: 981px) 1024px, 100vw\" \/>\t\t\t\t\t\t\t\t\t\t\t\t\t\t\t<\/div>\n\t\t\t\t<\/div>\n\t\t\t\t<div class=\"elementor-element elementor-element-30cdfa9 elementor-widget elementor-widget-image\" data-id=\"30cdfa9\" data-element_type=\"widget\" data-e-type=\"widget\" data-widget_type=\"image.default\">\n\t\t\t\t<div class=\"elementor-widget-container\">\n\t\t\t\t\t\t\t\t\t\t\t\t\t\t\t<img decoding=\"async\" width=\"1024\" height=\"683\" src=\"https:\/\/www.veloclublapomme.com\/wp-content\/uploads\/2025\/11\/CAN9584-1024x683.jpg\" class=\"attachment-large size-large wp-image-4411394\" alt=\"\" srcset=\"https:\/\/www.veloclublapomme.com\/wp-content\/uploads\/2025\/11\/CAN9584-980x653.jpg 980w, https:\/\/www.veloclublapomme.com\/wp-content\/uploads\/2025\/11\/CAN9584-480x320.jpg 480w\" sizes=\"(min-width: 0px) and (max-width: 480px) 480px, (min-width: 481px) and (max-width: 980px) 980px, (min-width: 981px) 1024px, 100vw\" \/>\t\t\t\t\t\t\t\t\t\t\t\t\t\t\t<\/div>\n\t\t\t\t<\/div>\n\t\t\t\t<div class=\"elementor-element elementor-element-73c3bd5 elementor-widget elementor-widget-image\" data-id=\"73c3bd5\" data-element_type=\"widget\" data-e-type=\"widget\" data-widget_type=\"image.default\">\n\t\t\t\t<div class=\"elementor-widget-container\">\n\t\t\t\t\t\t\t\t\t\t\t\t\t\t\t<img decoding=\"async\" width=\"1024\" height=\"683\" src=\"https:\/\/www.veloclublapomme.com\/wp-content\/uploads\/2025\/11\/CAN9992-1024x683.jpg\" class=\"attachment-large size-large wp-image-4411396\" alt=\"\" srcset=\"https:\/\/www.veloclublapomme.com\/wp-content\/uploads\/2025\/11\/CAN9992-980x653.jpg 980w, https:\/\/www.veloclublapomme.com\/wp-content\/uploads\/2025\/11\/CAN9992-480x320.jpg 480w\" sizes=\"(min-width: 0px) and (max-width: 480px) 480px, (min-width: 481px) and (max-width: 980px) 980px, (min-width: 981px) 1024px, 100vw\" \/>\t\t\t\t\t\t\t\t\t\t\t\t\t\t\t<\/div>\n\t\t\t\t<\/div>\n\t\t\t\t<div class=\"elementor-element elementor-element-045b83b elementor-widget elementor-widget-image\" data-id=\"045b83b\" data-element_type=\"widget\" data-e-type=\"widget\" data-widget_type=\"image.default\">\n\t\t\t\t<div class=\"elementor-widget-container\">\n\t\t\t\t\t\t\t\t\t\t\t\t\t\t\t<img loading=\"lazy\" loading=\"lazy\" decoding=\"async\" width=\"1024\" height=\"683\" src=\"https:\/\/www.veloclublapomme.com\/wp-content\/uploads\/2025\/11\/CAN9649-1024x683.jpg\" class=\"attachment-large size-large wp-image-4411395\" alt=\"\" srcset=\"https:\/\/www.veloclublapomme.com\/wp-content\/uploads\/2025\/11\/CAN9649-980x653.jpg 980w, https:\/\/www.veloclublapomme.com\/wp-content\/uploads\/2025\/11\/CAN9649-480x320.jpg 480w\" sizes=\"(min-width: 0px) and (max-width: 480px) 480px, (min-width: 481px) and (max-width: 980px) 980px, (min-width: 981px) 1024px, 100vw\" \/>\t\t\t\t\t\t\t\t\t\t\t\t\t\t\t<\/div>\n\t\t\t\t<\/div>\n\t\t\t\t<\/div>\n\t\t\t\t<\/div>\n\t\t","protected":false},"excerpt":{"rendered":"<p>Pr\u00e8s de 220 coureurs ont pris le d\u00e9part du Cyclo-cross de Luminy, qui faisait cette ann\u00e9e, office de support du Championnat d\u00e9partemental des Bouches-du-Rh\u00f4ne, pour les courses de l\u2019apr\u00e8s-midi.\u00a0Un grand merci \u00e0 tous les participants pour leur pr\u00e9sence, malgr\u00e9 une pluie constante. \u00a0Merci \u00e9galement \u00e0 tous nos b\u00e9n\u00e9voles mobilis\u00e9s pour l&rsquo;occasion, ainsi qu&rsquo;\u00e0 nos partenaires pour leur pr\u00e9cieux soutien\u00a0\u00a0Ville de Marseille &#8211; Bouticycle Marseille &#8211; POLI &#8211; Facult\u00e9 des Sciences du Sport d&rsquo;Aix-Marseille Universit\u00e9 &#8211; F\u00e9d\u00e9ration Fran\u00e7aise de Cyclisme (FFC)<\/p>\n","protected":false},"author":1,"featured_media":4411393,"comment_status":"closed","ping_status":"closed","sticky":false,"template":"","format":"standard","meta":{"_et_pb_use_builder":"","_et_pb_old_content":"","_et_gb_content_width":"","footnotes":""},"categories":[146,140,142,99,156,134],"tags":[],"class_list":["post-4411391","post","type-post","status-publish","format-standard","has-post-thumbnail","hentry","category-edc","category-u15","category-u17","category-u19","category-u23","category-vie-du-club"],"aioseo_notices":[],"_links":{"self":[{"href":"https:\/\/www.veloclublapomme.com\/index.php\/wp-json\/wp\/v2\/posts\/4411391","targetHints":{"allow":["GET"]}}],"collection":[{"href":"https:\/\/www.veloclublapomme.com\/index.php\/wp-json\/wp\/v2\/posts"}],"about":[{"href":"https:\/\/www.veloclublapomme.com\/index.php\/wp-json\/wp\/v2\/types\/post"}],"author":[{"embeddable":true,"href":"https:\/\/www.veloclublapomme.com\/index.php\/wp-json\/wp\/v2\/users\/1"}],"replies":[{"embeddable":true,"href":"https:\/\/www.veloclublapomme.com\/index.php\/wp-json\/wp\/v2\/comments?post=4411391"}],"version-history":[{"count":4,"href":"https:\/\/www.veloclublapomme.com\/index.php\/wp-json\/wp\/v2\/posts\/4411391\/revisions"}],"predecessor-version":[{"id":4411399,"href":"https:\/\/www.veloclublapomme.com\/index.php\/wp-json\/wp\/v2\/posts\/4411391\/revisions\/4411399"}],"wp:featuredmedia":[{"embeddable":true,"href":"https:\/\/www.veloclublapomme.com\/index.php\/wp-json\/wp\/v2\/media\/4411393"}],"wp:attachment":[{"href":"https:\/\/www.veloclublapomme.com\/index.php\/wp-json\/wp\/v2\/media?parent=4411391"}],"wp:term":[{"taxonomy":"category","embeddable":true,"href":"https:\/\/www.veloclublapomme.com\/index.php\/wp-json\/wp\/v2\/categories?post=4411391"},{"taxonomy":"post_tag","embeddable":true,"href":"https:\/\/www.veloclublapomme.com\/index.php\/wp-json\/wp\/v2\/tags?post=4411391"}],"curies":[{"name":"wp","href":"https:\/\/api.w.org\/{rel}","templated":true}]}}