{"id":4411403,"date":"2025-12-04T12:00:57","date_gmt":"2025-12-04T11:00:57","guid":{"rendered":"https:\/\/www.veloclublapomme.com\/?p=4411403"},"modified":"2025-12-04T15:03:08","modified_gmt":"2025-12-04T14:03:08","slug":"filly-en-or","status":"publish","type":"post","link":"https:\/\/www.veloclublapomme.com\/index.php\/2025\/12\/04\/filly-en-or\/","title":{"rendered":"Filly en OR !"},"content":{"rendered":"\t\t<div data-elementor-type=\"wp-post\" data-elementor-id=\"4411403\" class=\"elementor elementor-4411403\">\n\t\t\t\t<div class=\"elementor-element elementor-element-d6d45f3 e-flex e-con-boxed wpr-particle-no wpr-jarallax-no wpr-parallax-no wpr-sticky-section-no wpr-equal-height-no e-con e-parent\" data-id=\"d6d45f3\" data-element_type=\"container\" data-e-type=\"container\">\n\t\t\t\t\t<div class=\"e-con-inner\">\n\t\t\t\t<div class=\"elementor-element elementor-element-ed9aff2 elementor-widget elementor-widget-text-editor\" data-id=\"ed9aff2\" data-element_type=\"widget\" data-e-type=\"widget\" data-widget_type=\"text-editor.default\">\n\t\t\t\t<div class=\"elementor-widget-container\">\n\t\t\t\t\t\t\t\t\t<div class=\"x14z9mp xat24cr x1lziwak x1vvkbs xtlvy1s x126k92a\"><div dir=\"auto\"><div class=\"x14z9mp xat24cr x1lziwak x1vvkbs xtlvy1s x126k92a\"><div dir=\"auto\">\u00c0 Luminy, Quentin Filly d\u00e9croch\u00e9 le titre d\u00e9partemental de cyclo-cross U17 \u00e0 l\u2019issue d\u2019une course haletante de 30 minutes.<\/div><\/div><div class=\"x14z9mp xat24cr x1lziwak x1vvkbs xtlvy1s x126k92a\"><div dir=\"auto\">Toujours dans cette m\u00eame cat\u00e9gorie, Andy Pichon, pour sa premi\u00e8re sortie sous les couleurs phoc\u00e9ennes, a sign\u00e9 une place dans le Top 10 en terminant 6e. L\u00e9ny Planud est lui 8e, Cl\u00e9ment Jamet 10e, N\u00e9o Leroux Saloum 14e, T\u00e9lio Gallerini 18e, Tom Alderson 25e et Ma\u00e9 Vadrot 27e.<\/div><div dir=\"auto\">\u00a0<\/div><\/div><div class=\"x14z9mp xat24cr x1lziwak x1vvkbs xtlvy1s x126k92a\"><div dir=\"auto\">Plus t\u00f4t dans la journ\u00e9e, Cl\u00e9ment Valdeiron s\u2019est offert une solide 5e place en U15. Un classement qui confirme sa r\u00e9gularit\u00e9 dans les sous-bois. Ses co\u00e9quipiers Garry Sirol, Val\u00e9rio Romano et Emile Languimier ont eux respectivement finit 8, 15 et 29e.<\/div><div dir=\"auto\">\u00a0<\/div><\/div><div class=\"x14z9mp xat24cr x1lziwak x1vvkbs xtlvy1s x126k92a\"><div dir=\"auto\">Enfin, la derni\u00e8re course de la journ\u00e9e a vu L\u00e9ny Plagniol prendre la 7e place en U19, suivi de Maxence Rou\u00e9 10e tandis qu&rsquo;en \u00c9lites \/ Open \/ Acc\u00e8s, Alexis Giani a lui aussi sign\u00e9 une 10\u1d49 place encourageante.<\/div><\/div><div class=\"x14z9mp xat24cr x1lziwak x1vvkbs xtlvy1s x126k92a\"><div dir=\"auto\">\u00a0<\/div><\/div><\/div><\/div>\t\t\t\t\t\t\t\t<\/div>\n\t\t\t\t<\/div>\n\t\t\t\t\t<\/div>\n\t\t\t\t<\/div>\n\t\t<div class=\"elementor-element elementor-element-c50a4a6 e-grid e-con-boxed wpr-particle-no wpr-jarallax-no wpr-parallax-no wpr-sticky-section-no wpr-equal-height-no e-con e-parent\" data-id=\"c50a4a6\" data-element_type=\"container\" data-e-type=\"container\">\n\t\t\t\t\t<div class=\"e-con-inner\">\n\t\t\t\t<div class=\"elementor-element elementor-element-738852c elementor-widget elementor-widget-image\" data-id=\"738852c\" data-element_type=\"widget\" data-e-type=\"widget\" data-widget_type=\"image.default\">\n\t\t\t\t<div class=\"elementor-widget-container\">\n\t\t\t\t\t\t\t\t\t\t\t\t\t\t\t<img fetchpriority=\"high\" fetchpriority=\"high\" decoding=\"async\" width=\"1024\" height=\"683\" src=\"https:\/\/www.veloclublapomme.com\/wp-content\/uploads\/2025\/12\/CAN9355-1024x683.jpg\" class=\"attachment-large size-large wp-image-4411405\" alt=\"\" srcset=\"https:\/\/www.veloclublapomme.com\/wp-content\/uploads\/2025\/12\/CAN9355-980x653.jpg 980w, https:\/\/www.veloclublapomme.com\/wp-content\/uploads\/2025\/12\/CAN9355-480x320.jpg 480w\" sizes=\"(min-width: 0px) and (max-width: 480px) 480px, (min-width: 481px) and (max-width: 980px) 980px, (min-width: 981px) 1024px, 100vw\" \/>\t\t\t\t\t\t\t\t\t\t\t\t\t\t\t<\/div>\n\t\t\t\t<\/div>\n\t\t\t\t<div class=\"elementor-element elementor-element-acfe4a4 elementor-widget elementor-widget-image\" data-id=\"acfe4a4\" data-element_type=\"widget\" data-e-type=\"widget\" data-widget_type=\"image.default\">\n\t\t\t\t<div class=\"elementor-widget-container\">\n\t\t\t\t\t\t\t\t\t\t\t\t\t\t\t<img decoding=\"async\" width=\"1024\" height=\"683\" src=\"https:\/\/www.veloclublapomme.com\/wp-content\/uploads\/2025\/12\/CAN9406-1024x683.jpg\" class=\"attachment-large size-large wp-image-4411406\" alt=\"\" srcset=\"https:\/\/www.veloclublapomme.com\/wp-content\/uploads\/2025\/12\/CAN9406-980x653.jpg 980w, https:\/\/www.veloclublapomme.com\/wp-content\/uploads\/2025\/12\/CAN9406-480x320.jpg 480w\" sizes=\"(min-width: 0px) and (max-width: 480px) 480px, (min-width: 481px) and (max-width: 980px) 980px, (min-width: 981px) 1024px, 100vw\" \/>\t\t\t\t\t\t\t\t\t\t\t\t\t\t\t<\/div>\n\t\t\t\t<\/div>\n\t\t\t\t<div class=\"elementor-element elementor-element-73c6708 elementor-widget elementor-widget-image\" data-id=\"73c6708\" data-element_type=\"widget\" data-e-type=\"widget\" data-widget_type=\"image.default\">\n\t\t\t\t<div class=\"elementor-widget-container\">\n\t\t\t\t\t\t\t\t\t\t\t\t\t\t\t<img decoding=\"async\" width=\"1024\" height=\"683\" src=\"https:\/\/www.veloclublapomme.com\/wp-content\/uploads\/2025\/12\/CAN9335-1024x683.jpg\" class=\"attachment-large size-large wp-image-4411404\" alt=\"\" srcset=\"https:\/\/www.veloclublapomme.com\/wp-content\/uploads\/2025\/12\/CAN9335-980x653.jpg 980w, https:\/\/www.veloclublapomme.com\/wp-content\/uploads\/2025\/12\/CAN9335-480x320.jpg 480w\" sizes=\"(min-width: 0px) and (max-width: 480px) 480px, (min-width: 481px) and (max-width: 980px) 980px, (min-width: 981px) 1024px, 100vw\" \/>\t\t\t\t\t\t\t\t\t\t\t\t\t\t\t<\/div>\n\t\t\t\t<\/div>\n\t\t\t\t<div class=\"elementor-element elementor-element-3dfa678 elementor-widget elementor-widget-image\" data-id=\"3dfa678\" data-element_type=\"widget\" data-e-type=\"widget\" data-widget_type=\"image.default\">\n\t\t\t\t<div class=\"elementor-widget-container\">\n\t\t\t\t\t\t\t\t\t\t\t\t\t\t\t<img loading=\"lazy\" loading=\"lazy\" decoding=\"async\" width=\"1024\" height=\"683\" src=\"https:\/\/www.veloclublapomme.com\/wp-content\/uploads\/2025\/12\/CAN9798-1024x683.jpg\" class=\"attachment-large size-large wp-image-4411407\" alt=\"\" srcset=\"https:\/\/www.veloclublapomme.com\/wp-content\/uploads\/2025\/12\/CAN9798-980x653.jpg 980w, https:\/\/www.veloclublapomme.com\/wp-content\/uploads\/2025\/12\/CAN9798-480x320.jpg 480w\" sizes=\"(min-width: 0px) and (max-width: 480px) 480px, (min-width: 481px) and (max-width: 980px) 980px, (min-width: 981px) 1024px, 100vw\" \/>\t\t\t\t\t\t\t\t\t\t\t\t\t\t\t<\/div>\n\t\t\t\t<\/div>\n\t\t\t\t\t<\/div>\n\t\t\t\t<\/div>\n\t\t\t\t<\/div>\n\t\t","protected":false},"excerpt":{"rendered":"<p>\u00c0 Luminy, Quentin Filly d\u00e9croch\u00e9 le titre d\u00e9partemental de cyclo-cross U17 \u00e0 l\u2019issue d\u2019une course haletante de 30 minutes.Toujours dans cette m\u00eame cat\u00e9gorie, Andy Pichon, pour sa premi\u00e8re sortie sous les couleurs phoc\u00e9ennes, a sign\u00e9 une place dans le Top 10 en terminant 6e. L\u00e9ny Planud est lui 8e, Cl\u00e9ment Jamet 10e, N\u00e9o Leroux Saloum 14e, T\u00e9lio Gallerini 18e, Tom Alderson 25e et Ma\u00e9 Vadrot 27e.\u00a0Plus t\u00f4t dans la journ\u00e9e, Cl\u00e9ment Valdeiron s\u2019est offert une solide 5e place en U15. Un classement qui confirme sa r\u00e9gularit\u00e9 dans les sous-bois. Ses co\u00e9quipiers Garry Sirol, Val\u00e9rio Romano et Emile Languimier ont eux respectivement finit 8, 15 et 29e.\u00a0Enfin, la derni\u00e8re course de la journ\u00e9e a vu L\u00e9ny Plagniol prendre la 7e place en U19, suivi de Maxence Rou\u00e9 10e tandis qu&rsquo;en \u00c9lites \/ Open \/ Acc\u00e8s, Alexis Giani a lui aussi sign\u00e9 une 10\u1d49 place encourageante.\u00a0<\/p>\n","protected":false},"author":1,"featured_media":4411405,"comment_status":"closed","ping_status":"closed","sticky":false,"template":"","format":"standard","meta":{"_et_pb_use_builder":"","_et_pb_old_content":"","_et_gb_content_width":"","footnotes":""},"categories":[140,142,99,156],"tags":[],"class_list":["post-4411403","post","type-post","status-publish","format-standard","has-post-thumbnail","hentry","category-u15","category-u17","category-u19","category-u23"],"aioseo_notices":[],"_links":{"self":[{"href":"https:\/\/www.veloclublapomme.com\/index.php\/wp-json\/wp\/v2\/posts\/4411403","targetHints":{"allow":["GET"]}}],"collection":[{"href":"https:\/\/www.veloclublapomme.com\/index.php\/wp-json\/wp\/v2\/posts"}],"about":[{"href":"https:\/\/www.veloclublapomme.com\/index.php\/wp-json\/wp\/v2\/types\/post"}],"author":[{"embeddable":true,"href":"https:\/\/www.veloclublapomme.com\/index.php\/wp-json\/wp\/v2\/users\/1"}],"replies":[{"embeddable":true,"href":"https:\/\/www.veloclublapomme.com\/index.php\/wp-json\/wp\/v2\/comments?post=4411403"}],"version-history":[{"count":4,"href":"https:\/\/www.veloclublapomme.com\/index.php\/wp-json\/wp\/v2\/posts\/4411403\/revisions"}],"predecessor-version":[{"id":4411411,"href":"https:\/\/www.veloclublapomme.com\/index.php\/wp-json\/wp\/v2\/posts\/4411403\/revisions\/4411411"}],"wp:featuredmedia":[{"embeddable":true,"href":"https:\/\/www.veloclublapomme.com\/index.php\/wp-json\/wp\/v2\/media\/4411405"}],"wp:attachment":[{"href":"https:\/\/www.veloclublapomme.com\/index.php\/wp-json\/wp\/v2\/media?parent=4411403"}],"wp:term":[{"taxonomy":"category","embeddable":true,"href":"https:\/\/www.veloclublapomme.com\/index.php\/wp-json\/wp\/v2\/categories?post=4411403"},{"taxonomy":"post_tag","embeddable":true,"href":"https:\/\/www.veloclublapomme.com\/index.php\/wp-json\/wp\/v2\/tags?post=4411403"}],"curies":[{"name":"wp","href":"https:\/\/api.w.org\/{rel}","templated":true}]}}