{"id":4411604,"date":"2026-01-12T20:00:13","date_gmt":"2026-01-12T19:00:13","guid":{"rendered":"https:\/\/www.veloclublapomme.com\/?p=4411604"},"modified":"2026-03-10T23:13:59","modified_gmt":"2026-03-10T22:13:59","slug":"premier-bain-tricolore","status":"publish","type":"post","link":"https:\/\/www.veloclublapomme.com\/index.php\/2026\/01\/12\/premier-bain-tricolore\/","title":{"rendered":"Premier bain tricolore !"},"content":{"rendered":"\t\t<div data-elementor-type=\"wp-post\" data-elementor-id=\"4411604\" class=\"elementor elementor-4411604\">\n\t\t\t\t<div class=\"elementor-element elementor-element-3cdeb54 e-flex e-con-boxed wpr-particle-no wpr-jarallax-no wpr-parallax-no wpr-sticky-section-no wpr-equal-height-no e-con e-parent\" data-id=\"3cdeb54\" data-element_type=\"container\" data-e-type=\"container\">\n\t\t\t\t\t<div class=\"e-con-inner\">\n\t\t\t\t<div class=\"elementor-element elementor-element-4dcb208 elementor-widget elementor-widget-text-editor\" data-id=\"4dcb208\" data-element_type=\"widget\" data-e-type=\"widget\" data-widget_type=\"text-editor.default\">\n\t\t\t\t<div class=\"elementor-widget-container\">\n\t\t\t\t\t\t\t\t\t<div class=\"x14z9mp xat24cr x1lziwak x1vvkbs xtlvy1s x126k92a\"><div dir=\"auto\">Du haut de ses 14 ans, Quentin Filly a franchi une \u00e9tape importante de sa jeune carri\u00e8re en participant aux Championnats de France de cyclo-cross organis\u00e9s \u00e0 Troyes.<\/div><div dir=\"auto\">\u00a0<\/div><\/div><div class=\"x14z9mp xat24cr x1lziwak x1vvkbs xtlvy1s x126k92a\"><div dir=\"auto\">Le Phoc\u00e9en a ainsi pu gouter \u00e0 sa premi\u00e8re s\u00e9lection avec le Comit\u00e9 R\u00e9gion Sud en prenant part \u00e0 ce rendez-vous majeur de la discipline.<\/div><\/div><div class=\"x14z9mp xat24cr x1lziwak x1vvkbs xtlvy1s x126k92a\"><div dir=\"auto\">Sans aucun objectif de classement, le Pommier termine 65e. Il a surtout pleinement mis \u00e0 profit ce d\u00e9placement dans l\u2019Aube pour engranger de l\u2019exp\u00e9rience sur des \u00e9ch\u00e9ances nationales.<\/div><\/div><div class=\"x14z9mp xat24cr x1lziwak x1vvkbs xtlvy1s x126k92a\"><div dir=\"auto\">Apr\u00e8s avoir disput\u00e9 deux manches de Coupe de France ainsi que de nombreuses \u00e9preuves r\u00e9gionales, Quentin va d\u00e9sormais pouvoir se tourner vers la pr\u00e9paration de la saison sur route, dont le d\u00e9but approche ; ce sera lors de l&rsquo;ultime week-end du mois de f\u00e9vrier \u00e0 l&rsquo;occasion du Challenge Anthony Perez.<\/div><\/div>\t\t\t\t\t\t\t\t<\/div>\n\t\t\t\t<\/div>\n\t\t\t\t\t<\/div>\n\t\t\t\t<\/div>\n\t\t<div class=\"elementor-element elementor-element-691658b e-flex e-con-boxed wpr-particle-no wpr-jarallax-no wpr-parallax-no wpr-sticky-section-no wpr-equal-height-no e-con e-parent\" data-id=\"691658b\" data-element_type=\"container\" data-e-type=\"container\">\n\t\t\t\t\t<div class=\"e-con-inner\">\n\t\t\t\t<div class=\"elementor-element elementor-element-d2ebb8f elementor-widget elementor-widget-image\" data-id=\"d2ebb8f\" data-element_type=\"widget\" data-e-type=\"widget\" data-widget_type=\"image.default\">\n\t\t\t\t<div class=\"elementor-widget-container\">\n\t\t\t\t\t\t\t\t\t\t\t\t\t\t\t<img fetchpriority=\"high\" fetchpriority=\"high\" decoding=\"async\" width=\"1024\" height=\"683\" src=\"https:\/\/www.veloclublapomme.com\/wp-content\/uploads\/2026\/03\/615395064_1486323273493944_6178152947271670588_n-1024x683.jpg\" class=\"attachment-large size-large wp-image-4411607\" alt=\"\" srcset=\"https:\/\/www.veloclublapomme.com\/wp-content\/uploads\/2026\/03\/615395064_1486323273493944_6178152947271670588_n-980x653.jpg 980w, https:\/\/www.veloclublapomme.com\/wp-content\/uploads\/2026\/03\/615395064_1486323273493944_6178152947271670588_n-480x320.jpg 480w\" sizes=\"(min-width: 0px) and (max-width: 480px) 480px, (min-width: 481px) and (max-width: 980px) 980px, (min-width: 981px) 1024px, 100vw\" \/>\t\t\t\t\t\t\t\t\t\t\t\t\t\t\t<\/div>\n\t\t\t\t<\/div>\n\t\t\t\t\t<\/div>\n\t\t\t\t<\/div>\n\t\t<div class=\"elementor-element elementor-element-c207eb4 e-flex e-con-boxed wpr-particle-no wpr-jarallax-no wpr-parallax-no wpr-sticky-section-no wpr-equal-height-no e-con e-parent\" data-id=\"c207eb4\" data-element_type=\"container\" data-e-type=\"container\">\n\t\t\t\t\t<div class=\"e-con-inner\">\n\t\t\t\t<div class=\"elementor-element elementor-element-c0a3a7a elementor-widget elementor-widget-text-editor\" data-id=\"c0a3a7a\" data-element_type=\"widget\" data-e-type=\"widget\" data-widget_type=\"text-editor.default\">\n\t\t\t\t<div class=\"elementor-widget-container\">\n\t\t\t\t\t\t\t\t\t<p>Cr\u00e9dit photo : \u00a9 Guigui Photographe<\/p>\t\t\t\t\t\t\t\t<\/div>\n\t\t\t\t<\/div>\n\t\t\t\t\t<\/div>\n\t\t\t\t<\/div>\n\t\t\t\t<\/div>\n\t\t","protected":false},"excerpt":{"rendered":"<p>Du haut de ses 14 ans, Quentin Filly a franchi une \u00e9tape importante de sa jeune carri\u00e8re en participant aux Championnats de France de cyclo-cross organis\u00e9s \u00e0 Troyes.\u00a0Le Phoc\u00e9en a ainsi pu gouter \u00e0 sa premi\u00e8re s\u00e9lection avec le Comit\u00e9 R\u00e9gion Sud en prenant part \u00e0 ce rendez-vous majeur de la discipline.Sans aucun objectif de classement, le Pommier termine 65e. Il a surtout pleinement mis \u00e0 profit ce d\u00e9placement dans l\u2019Aube pour engranger de l\u2019exp\u00e9rience sur des \u00e9ch\u00e9ances nationales.Apr\u00e8s avoir disput\u00e9 deux manches de Coupe de France ainsi que de nombreuses \u00e9preuves r\u00e9gionales, Quentin va d\u00e9sormais pouvoir se tourner vers la pr\u00e9paration de la saison sur route, dont le d\u00e9but approche ; ce sera lors de l&rsquo;ultime week-end du mois de f\u00e9vrier \u00e0 l&rsquo;occasion du Challenge Anthony Perez. Cr\u00e9dit photo : \u00a9 Guigui Photographe<\/p>\n","protected":false},"author":1,"featured_media":4411605,"comment_status":"closed","ping_status":"closed","sticky":false,"template":"","format":"standard","meta":{"_et_pb_use_builder":"","_et_pb_old_content":"","_et_gb_content_width":"","footnotes":""},"categories":[142],"tags":[],"class_list":["post-4411604","post","type-post","status-publish","format-standard","has-post-thumbnail","hentry","category-u17"],"aioseo_notices":[],"_links":{"self":[{"href":"https:\/\/www.veloclublapomme.com\/index.php\/wp-json\/wp\/v2\/posts\/4411604","targetHints":{"allow":["GET"]}}],"collection":[{"href":"https:\/\/www.veloclublapomme.com\/index.php\/wp-json\/wp\/v2\/posts"}],"about":[{"href":"https:\/\/www.veloclublapomme.com\/index.php\/wp-json\/wp\/v2\/types\/post"}],"author":[{"embeddable":true,"href":"https:\/\/www.veloclublapomme.com\/index.php\/wp-json\/wp\/v2\/users\/1"}],"replies":[{"embeddable":true,"href":"https:\/\/www.veloclublapomme.com\/index.php\/wp-json\/wp\/v2\/comments?post=4411604"}],"version-history":[{"count":4,"href":"https:\/\/www.veloclublapomme.com\/index.php\/wp-json\/wp\/v2\/posts\/4411604\/revisions"}],"predecessor-version":[{"id":4411610,"href":"https:\/\/www.veloclublapomme.com\/index.php\/wp-json\/wp\/v2\/posts\/4411604\/revisions\/4411610"}],"wp:featuredmedia":[{"embeddable":true,"href":"https:\/\/www.veloclublapomme.com\/index.php\/wp-json\/wp\/v2\/media\/4411605"}],"wp:attachment":[{"href":"https:\/\/www.veloclublapomme.com\/index.php\/wp-json\/wp\/v2\/media?parent=4411604"}],"wp:term":[{"taxonomy":"category","embeddable":true,"href":"https:\/\/www.veloclublapomme.com\/index.php\/wp-json\/wp\/v2\/categories?post=4411604"},{"taxonomy":"post_tag","embeddable":true,"href":"https:\/\/www.veloclublapomme.com\/index.php\/wp-json\/wp\/v2\/tags?post=4411604"}],"curies":[{"name":"wp","href":"https:\/\/api.w.org\/{rel}","templated":true}]}}