{"id":4411634,"date":"2026-02-01T20:00:47","date_gmt":"2026-02-01T19:00:47","guid":{"rendered":"https:\/\/www.veloclublapomme.com\/?p=4411634"},"modified":"2026-03-10T23:32:26","modified_gmt":"2026-03-10T22:32:26","slug":"avant-coquard-la-pomme","status":"publish","type":"post","link":"https:\/\/www.veloclublapomme.com\/index.php\/2026\/02\/01\/avant-coquard-la-pomme\/","title":{"rendered":"Avant Coquard, La Pomme !"},"content":{"rendered":"\t\t<div data-elementor-type=\"wp-post\" data-elementor-id=\"4411634\" class=\"elementor elementor-4411634\">\n\t\t\t\t<div class=\"elementor-element elementor-element-6fdbb88 e-flex e-con-boxed wpr-particle-no wpr-jarallax-no wpr-parallax-no wpr-sticky-section-no wpr-equal-height-no e-con e-parent\" data-id=\"6fdbb88\" data-element_type=\"container\" data-e-type=\"container\">\n\t\t\t\t\t<div class=\"e-con-inner\">\n\t\t\t\t<div class=\"elementor-element elementor-element-f895b54 elementor-widget elementor-widget-text-editor\" data-id=\"f895b54\" data-element_type=\"widget\" data-e-type=\"widget\" data-widget_type=\"text-editor.default\">\n\t\t\t\t<div class=\"elementor-widget-container\">\n\t\t\t\t\t\t\t\t\t<p>Quelques heures avant le sacre de Bryan Coquard sur le\u00a0<span class=\"html-span xdj266r x14z9mp xat24cr x1lziwak xexx8yu xyri2b x18d9i69 x1c1uobl x1hl2dhg x16tdsg8 x1vvkbs\"><a class=\"x1i10hfl xjbqb8w x1ejq31n x18oe1m7 x1sy0etr xstzfhl x972fbf x10w94by x1qhh985 x14e42zd x9f619 x1ypdohk xt0psk2 x3ct3a4 xdj266r x14z9mp xat24cr x1lziwak xexx8yu xyri2b x18d9i69 x1c1uobl x16tdsg8 x1hl2dhg xggy1nq x1a2a7pz xkrqix3 x1sur9pj xzsf02u x1s688f\" tabindex=\"0\" role=\"link\" href=\"https:\/\/www.facebook.com\/GPLaMarseillaise?__cft__[0]=AZbw9aIOKUOsWhX4F9KBuVdQziBvfm_buNIbaH1IXR_ZFjzklH4xi7RQNJPDwePN0ApjR__7HZktAD2foPnl9KEPl8khDdU99yPzEv44YbLtRAIJs4TdJuf_3d5z3UHrpGhcn8626dSuPJlpNt_hDC9UFiaVMhm6POUKXZIpxG5aTXQmnKZPaAC6JaL-ZcyG-VE&amp;__tn__=-]K*F\"><span class=\"xt0psk2\"><span class=\"xjp7ctv\">Grand Prix Cycliste de Marseille La Marseillaise<\/span><\/span><\/a><\/span>, les jeunes coureurs de l&rsquo;\u00e9cole de v\u00e9lo ont tent\u00e9 de r\u00e9aliser pareille performance \u00e0 l&rsquo;occasion d&rsquo;une \u00e9preuve qui leur \u00e9tait d\u00e9di\u00e9e, trac\u00e9e sur le dernier kilom\u00e8tre de la course professionnelle.<br class=\"html-br\" \/><br class=\"html-br\" \/>Les Pommiers ont enregistr\u00e9 trois victoires gr\u00e2ce \u00e0 Ambre Bourgeon-Bilh en U7, Martin R\u00e9nalier en U9 et Mika Leroux Saloum en U15. Par ailleurs, Math\u00e9o Paron Vivet et Cl\u00e9ment Vailderon ont d\u00e9croch\u00e9 une belle m\u00e9daille d&rsquo;argent, respectivement chez les U9 et U15.<br class=\"html-br\" \/><br class=\"html-br\" \/>Enfin, Th\u00e9o Guichard s&rsquo;est offert le bronze lors de la course U11.<\/p>\t\t\t\t\t\t\t\t<\/div>\n\t\t\t\t<\/div>\n\t\t\t\t\t<\/div>\n\t\t\t\t<\/div>\n\t\t<div class=\"elementor-element elementor-element-500a8a7 e-flex e-con-boxed wpr-particle-no wpr-jarallax-no wpr-parallax-no wpr-sticky-section-no wpr-equal-height-no e-con e-parent\" data-id=\"500a8a7\" data-element_type=\"container\" data-e-type=\"container\">\n\t\t\t\t\t<div class=\"e-con-inner\">\n\t\t\t\t<div class=\"elementor-element elementor-element-ee115a6 elementor-widget elementor-widget-image\" data-id=\"ee115a6\" data-element_type=\"widget\" data-e-type=\"widget\" data-widget_type=\"image.default\">\n\t\t\t\t<div class=\"elementor-widget-container\">\n\t\t\t\t\t\t\t\t\t\t\t\t\t\t\t<img fetchpriority=\"high\" fetchpriority=\"high\" decoding=\"async\" width=\"1024\" height=\"771\" src=\"https:\/\/www.veloclublapomme.com\/wp-content\/uploads\/2026\/02\/627677942_1508102281316043_5497472247042245755_n-1024x771.jpg\" class=\"attachment-large size-large wp-image-4411636\" alt=\"\" srcset=\"https:\/\/www.veloclublapomme.com\/wp-content\/uploads\/2026\/02\/627677942_1508102281316043_5497472247042245755_n-980x737.jpg 980w, https:\/\/www.veloclublapomme.com\/wp-content\/uploads\/2026\/02\/627677942_1508102281316043_5497472247042245755_n-480x361.jpg 480w\" sizes=\"(min-width: 0px) and (max-width: 480px) 480px, (min-width: 481px) and (max-width: 980px) 980px, (min-width: 981px) 1024px, 100vw\" \/>\t\t\t\t\t\t\t\t\t\t\t\t\t\t\t<\/div>\n\t\t\t\t<\/div>\n\t\t\t\t\t<\/div>\n\t\t\t\t<\/div>\n\t\t\t\t<\/div>\n\t\t","protected":false},"excerpt":{"rendered":"<p>Quelques heures avant le sacre de Bryan Coquard sur le\u00a0Grand Prix Cycliste de Marseille La Marseillaise, les jeunes coureurs de l&rsquo;\u00e9cole de v\u00e9lo ont tent\u00e9 de r\u00e9aliser pareille performance \u00e0 l&rsquo;occasion d&rsquo;une \u00e9preuve qui leur \u00e9tait d\u00e9di\u00e9e, trac\u00e9e sur le dernier kilom\u00e8tre de la course professionnelle. Les Pommiers ont enregistr\u00e9 trois victoires gr\u00e2ce \u00e0 Ambre Bourgeon-Bilh en U7, Martin R\u00e9nalier en U9 et Mika Leroux Saloum en U15. Par ailleurs, Math\u00e9o Paron Vivet et Cl\u00e9ment Vailderon ont d\u00e9croch\u00e9 une belle m\u00e9daille d&rsquo;argent, respectivement chez les U9 et U15. Enfin, Th\u00e9o Guichard s&rsquo;est offert le bronze lors de la course U11.<\/p>\n","protected":false},"author":1,"featured_media":4411636,"comment_status":"closed","ping_status":"closed","sticky":false,"template":"","format":"standard","meta":{"_et_pb_use_builder":"","_et_pb_old_content":"","_et_gb_content_width":"","footnotes":""},"categories":[146,140],"tags":[],"class_list":["post-4411634","post","type-post","status-publish","format-standard","has-post-thumbnail","hentry","category-edc","category-u15"],"aioseo_notices":[],"_links":{"self":[{"href":"https:\/\/www.veloclublapomme.com\/index.php\/wp-json\/wp\/v2\/posts\/4411634","targetHints":{"allow":["GET"]}}],"collection":[{"href":"https:\/\/www.veloclublapomme.com\/index.php\/wp-json\/wp\/v2\/posts"}],"about":[{"href":"https:\/\/www.veloclublapomme.com\/index.php\/wp-json\/wp\/v2\/types\/post"}],"author":[{"embeddable":true,"href":"https:\/\/www.veloclublapomme.com\/index.php\/wp-json\/wp\/v2\/users\/1"}],"replies":[{"embeddable":true,"href":"https:\/\/www.veloclublapomme.com\/index.php\/wp-json\/wp\/v2\/comments?post=4411634"}],"version-history":[{"count":4,"href":"https:\/\/www.veloclublapomme.com\/index.php\/wp-json\/wp\/v2\/posts\/4411634\/revisions"}],"predecessor-version":[{"id":4411639,"href":"https:\/\/www.veloclublapomme.com\/index.php\/wp-json\/wp\/v2\/posts\/4411634\/revisions\/4411639"}],"wp:featuredmedia":[{"embeddable":true,"href":"https:\/\/www.veloclublapomme.com\/index.php\/wp-json\/wp\/v2\/media\/4411636"}],"wp:attachment":[{"href":"https:\/\/www.veloclublapomme.com\/index.php\/wp-json\/wp\/v2\/media?parent=4411634"}],"wp:term":[{"taxonomy":"category","embeddable":true,"href":"https:\/\/www.veloclublapomme.com\/index.php\/wp-json\/wp\/v2\/categories?post=4411634"},{"taxonomy":"post_tag","embeddable":true,"href":"https:\/\/www.veloclublapomme.com\/index.php\/wp-json\/wp\/v2\/tags?post=4411634"}],"curies":[{"name":"wp","href":"https:\/\/api.w.org\/{rel}","templated":true}]}}