{"id":4411640,"date":"2026-02-06T20:00:50","date_gmt":"2026-02-06T19:00:50","guid":{"rendered":"https:\/\/www.veloclublapomme.com\/?p=4411640"},"modified":"2026-03-10T23:35:59","modified_gmt":"2026-03-10T22:35:59","slug":"remontee-express-de-lorenzi","status":"publish","type":"post","link":"https:\/\/www.veloclublapomme.com\/index.php\/2026\/02\/06\/remontee-express-de-lorenzi\/","title":{"rendered":"Remont\u00e9e express de Lorenzi !"},"content":{"rendered":"\t\t<div data-elementor-type=\"wp-post\" data-elementor-id=\"4411640\" class=\"elementor elementor-4411640\">\n\t\t\t\t<div class=\"elementor-element elementor-element-959950b e-flex e-con-boxed wpr-particle-no wpr-jarallax-no wpr-parallax-no wpr-sticky-section-no wpr-equal-height-no e-con e-parent\" data-id=\"959950b\" data-element_type=\"container\" data-e-type=\"container\">\n\t\t\t\t\t<div class=\"e-con-inner\">\n\t\t\t\t<div class=\"elementor-element elementor-element-5a7cab8 elementor-widget elementor-widget-text-editor\" data-id=\"5a7cab8\" data-element_type=\"widget\" data-e-type=\"widget\" data-widget_type=\"text-editor.default\">\n\t\t\t\t<div class=\"elementor-widget-container\">\n\t\t\t\t\t\t\t\t\t<div class=\"x14z9mp xat24cr x1lziwak x1vvkbs xtlvy1s x126k92a\"><div dir=\"auto\">vant de prendre la route du Troph\u00e9e de France ce week-end \u00e0 Besan\u00e7on, Baptiste Lorenzi a mis le cap sur l&rsquo;Ard\u00e8che o\u00f9 s&rsquo;est disput\u00e9 le 31 janvier dernier, le \ud835\uddd6\ud835\ude06\ud835\uddf0\ud835\uddf9\ud835\uddfc-\ud835\uddf0\ud835\uddff\ud835\uddfc\ud835\ude00\ud835\ude00 \ud835\uddf1\ud835\uddf2 \ud835\udde7\ud835\uddfc\ud835\ude02\ud835\uddff\ud835\uddfb\ud835\uddfc\ud835\uddfb.<\/div><div dir=\"auto\">\u00a0<\/div><\/div><div class=\"x14z9mp xat24cr x1lziwak x1vvkbs xtlvy1s x126k92a\"><div dir=\"auto\">Le Phoc\u00e9en, engag\u00e9 avec les U13, s\u2019est \u00e9lanc\u00e9 depuis la 32e et derni\u00e8re position sur la grille de d\u00e9part. Un handicap majeur que Baptiste a balay\u00e9 avec autorit\u00e9. Le Marseillais a, tour apr\u00e8s tour, effectu\u00e9 une impressionnante remont\u00e9e pour finalement se hisser \u00e0 la sixi\u00e8me position du classement g\u00e9n\u00e9ral final.<\/div><div dir=\"auto\">\u00a0<\/div><\/div><div class=\"x14z9mp xat24cr x1lziwak x1vvkbs xtlvy1s x126k92a\"><div dir=\"auto\">Bravo Baptiste !\u00a0<\/div><\/div>\t\t\t\t\t\t\t\t<\/div>\n\t\t\t\t<\/div>\n\t\t\t\t<div class=\"elementor-element elementor-element-546c91e elementor-widget elementor-widget-image\" data-id=\"546c91e\" data-element_type=\"widget\" data-e-type=\"widget\" data-widget_type=\"image.default\">\n\t\t\t\t<div class=\"elementor-widget-container\">\n\t\t\t\t\t\t\t\t\t\t\t\t\t\t\t<img fetchpriority=\"high\" fetchpriority=\"high\" decoding=\"async\" width=\"1024\" height=\"683\" src=\"https:\/\/www.veloclublapomme.com\/wp-content\/uploads\/2026\/03\/626010454_1508348061291465_2497040968925320383_n-1024x683.jpg\" class=\"attachment-large size-large wp-image-4411641\" alt=\"\" srcset=\"https:\/\/www.veloclublapomme.com\/wp-content\/uploads\/2026\/03\/626010454_1508348061291465_2497040968925320383_n-980x653.jpg 980w, https:\/\/www.veloclublapomme.com\/wp-content\/uploads\/2026\/03\/626010454_1508348061291465_2497040968925320383_n-480x320.jpg 480w\" sizes=\"(min-width: 0px) and (max-width: 480px) 480px, (min-width: 481px) and (max-width: 980px) 980px, (min-width: 981px) 1024px, 100vw\" \/>\t\t\t\t\t\t\t\t\t\t\t\t\t\t\t<\/div>\n\t\t\t\t<\/div>\n\t\t\t\t\t<\/div>\n\t\t\t\t<\/div>\n\t\t\t\t<\/div>\n\t\t","protected":false},"excerpt":{"rendered":"<p>vant de prendre la route du Troph\u00e9e de France ce week-end \u00e0 Besan\u00e7on, Baptiste Lorenzi a mis le cap sur l&rsquo;Ard\u00e8che o\u00f9 s&rsquo;est disput\u00e9 le 31 janvier dernier, le \ud835\uddd6\ud835\ude06\ud835\uddf0\ud835\uddf9\ud835\uddfc-\ud835\uddf0\ud835\uddff\ud835\uddfc\ud835\ude00\ud835\ude00 \ud835\uddf1\ud835\uddf2 \ud835\udde7\ud835\uddfc\ud835\ude02\ud835\uddff\ud835\uddfb\ud835\uddfc\ud835\uddfb.\u00a0Le Phoc\u00e9en, engag\u00e9 avec les U13, s\u2019est \u00e9lanc\u00e9 depuis la 32e et derni\u00e8re position sur la grille de d\u00e9part. Un handicap majeur que Baptiste a balay\u00e9 avec autorit\u00e9. Le Marseillais a, tour apr\u00e8s tour, effectu\u00e9 une impressionnante remont\u00e9e pour finalement se hisser \u00e0 la sixi\u00e8me position du classement g\u00e9n\u00e9ral final.\u00a0Bravo Baptiste !\u00a0<\/p>\n","protected":false},"author":1,"featured_media":4411641,"comment_status":"closed","ping_status":"closed","sticky":false,"template":"","format":"standard","meta":{"_et_pb_use_builder":"","_et_pb_old_content":"","_et_gb_content_width":"","footnotes":""},"categories":[140],"tags":[],"class_list":["post-4411640","post","type-post","status-publish","format-standard","has-post-thumbnail","hentry","category-u15"],"aioseo_notices":[],"_links":{"self":[{"href":"https:\/\/www.veloclublapomme.com\/index.php\/wp-json\/wp\/v2\/posts\/4411640","targetHints":{"allow":["GET"]}}],"collection":[{"href":"https:\/\/www.veloclublapomme.com\/index.php\/wp-json\/wp\/v2\/posts"}],"about":[{"href":"https:\/\/www.veloclublapomme.com\/index.php\/wp-json\/wp\/v2\/types\/post"}],"author":[{"embeddable":true,"href":"https:\/\/www.veloclublapomme.com\/index.php\/wp-json\/wp\/v2\/users\/1"}],"replies":[{"embeddable":true,"href":"https:\/\/www.veloclublapomme.com\/index.php\/wp-json\/wp\/v2\/comments?post=4411640"}],"version-history":[{"count":4,"href":"https:\/\/www.veloclublapomme.com\/index.php\/wp-json\/wp\/v2\/posts\/4411640\/revisions"}],"predecessor-version":[{"id":4411645,"href":"https:\/\/www.veloclublapomme.com\/index.php\/wp-json\/wp\/v2\/posts\/4411640\/revisions\/4411645"}],"wp:featuredmedia":[{"embeddable":true,"href":"https:\/\/www.veloclublapomme.com\/index.php\/wp-json\/wp\/v2\/media\/4411641"}],"wp:attachment":[{"href":"https:\/\/www.veloclublapomme.com\/index.php\/wp-json\/wp\/v2\/media?parent=4411640"}],"wp:term":[{"taxonomy":"category","embeddable":true,"href":"https:\/\/www.veloclublapomme.com\/index.php\/wp-json\/wp\/v2\/categories?post=4411640"},{"taxonomy":"post_tag","embeddable":true,"href":"https:\/\/www.veloclublapomme.com\/index.php\/wp-json\/wp\/v2\/tags?post=4411640"}],"curies":[{"name":"wp","href":"https:\/\/api.w.org\/{rel}","templated":true}]}}