{"id":4411646,"date":"2026-02-22T20:00:38","date_gmt":"2026-02-22T19:00:38","guid":{"rendered":"https:\/\/www.veloclublapomme.com\/?p=4411646"},"modified":"2026-03-10T23:38:13","modified_gmt":"2026-03-10T22:38:13","slug":"direction-le-cantal-pour-jules-david","status":"publish","type":"post","link":"https:\/\/www.veloclublapomme.com\/index.php\/2026\/02\/22\/direction-le-cantal-pour-jules-david\/","title":{"rendered":"Direction le Cantal pour Jules David !"},"content":{"rendered":"\t\t<div data-elementor-type=\"wp-post\" data-elementor-id=\"4411646\" class=\"elementor elementor-4411646\">\n\t\t\t\t<div class=\"elementor-element elementor-element-b08c1ab e-flex e-con-boxed wpr-particle-no wpr-jarallax-no wpr-parallax-no wpr-sticky-section-no wpr-equal-height-no e-con e-parent\" data-id=\"b08c1ab\" data-element_type=\"container\" data-e-type=\"container\">\n\t\t\t\t\t<div class=\"e-con-inner\">\n\t\t\t\t<div class=\"elementor-element elementor-element-067ce5d elementor-widget elementor-widget-text-editor\" data-id=\"067ce5d\" data-element_type=\"widget\" data-e-type=\"widget\" data-widget_type=\"text-editor.default\">\n\t\t\t\t<div class=\"elementor-widget-container\">\n\t\t\t\t\t\t\t\t\t<div class=\"x14z9mp xat24cr x1lziwak x1vvkbs xtlvy1s x126k92a\"><div dir=\"auto\">Le jeune Phoc\u00e9en \u00e9tait au d\u00e9part du \ud835\udde3\ud835\uddff\ud835\uddf6\ud835\ude05 \ud835\uddf1\ud835\uddf2 \ud835\udde6\ud835\uddee\ud835\uddf6\ud835\uddfb\ud835\ude01 \ud835\uddd6\ud835\uddfc\ud835\uddfb\ud835\ude00\ud835\ude01\ud835\uddee\ud835\uddfb\ud835\ude01 qui s&rsquo;est disput\u00e9 le 22 f\u00e9vrier dernier.<\/div><div dir=\"auto\">\u00a0<\/div><\/div><div class=\"x14z9mp xat24cr x1lziwak x1vvkbs xtlvy1s x126k92a\"><div dir=\"auto\">Quelques semaines apr\u00e8s avoir \u00e9chou\u00e9 au pied du podium lors de l\u2019\u00e9preuve des \u00e9coles de v\u00e9lo du Grand Prix Cycliste de Marseille &#8211; La Marseillaise, le Pommier a su rebondir en d\u00e9crochant cette fois, une belle m\u00e9daille d\u2019argent chez les U13.<\/div><div dir=\"auto\">\u00a0<\/div><\/div><div class=\"x14z9mp xat24cr x1lziwak x1vvkbs xtlvy1s x126k92a\"><div dir=\"auto\">Un grand bravo Jules !<\/div><\/div>\t\t\t\t\t\t\t\t<\/div>\n\t\t\t\t<\/div>\n\t\t\t\t\t<\/div>\n\t\t\t\t<\/div>\n\t\t<div class=\"elementor-element elementor-element-3131bcb e-flex e-con-boxed wpr-particle-no wpr-jarallax-no wpr-parallax-no wpr-sticky-section-no wpr-equal-height-no e-con e-parent\" data-id=\"3131bcb\" data-element_type=\"container\" data-e-type=\"container\">\n\t\t\t\t\t<div class=\"e-con-inner\">\n\t\t\t\t<div class=\"elementor-element elementor-element-be9c881 elementor-widget elementor-widget-image\" data-id=\"be9c881\" data-element_type=\"widget\" data-e-type=\"widget\" data-widget_type=\"image.default\">\n\t\t\t\t<div class=\"elementor-widget-container\">\n\t\t\t\t\t\t\t\t\t\t\t\t\t\t\t<img fetchpriority=\"high\" fetchpriority=\"high\" decoding=\"async\" width=\"960\" height=\"640\" src=\"https:\/\/www.veloclublapomme.com\/wp-content\/uploads\/2026\/03\/643428359_1528501932609411_7078249429845124044_n.jpg\" class=\"attachment-large size-large wp-image-4411647\" alt=\"\" srcset=\"https:\/\/www.veloclublapomme.com\/wp-content\/uploads\/2026\/03\/643428359_1528501932609411_7078249429845124044_n.jpg 960w, https:\/\/www.veloclublapomme.com\/wp-content\/uploads\/2026\/03\/643428359_1528501932609411_7078249429845124044_n-480x320.jpg 480w\" sizes=\"(min-width: 0px) and (max-width: 480px) 480px, (min-width: 481px) 960px, 100vw\" \/>\t\t\t\t\t\t\t\t\t\t\t\t\t\t\t<\/div>\n\t\t\t\t<\/div>\n\t\t\t\t\t<\/div>\n\t\t\t\t<\/div>\n\t\t\t\t<\/div>\n\t\t","protected":false},"excerpt":{"rendered":"<p>Le jeune Phoc\u00e9en \u00e9tait au d\u00e9part du \ud835\udde3\ud835\uddff\ud835\uddf6\ud835\ude05 \ud835\uddf1\ud835\uddf2 \ud835\udde6\ud835\uddee\ud835\uddf6\ud835\uddfb\ud835\ude01 \ud835\uddd6\ud835\uddfc\ud835\uddfb\ud835\ude00\ud835\ude01\ud835\uddee\ud835\uddfb\ud835\ude01 qui s&rsquo;est disput\u00e9 le 22 f\u00e9vrier dernier.\u00a0Quelques semaines apr\u00e8s avoir \u00e9chou\u00e9 au pied du podium lors de l\u2019\u00e9preuve des \u00e9coles de v\u00e9lo du Grand Prix Cycliste de Marseille &#8211; La Marseillaise, le Pommier a su rebondir en d\u00e9crochant cette fois, une belle m\u00e9daille d\u2019argent chez les U13.\u00a0Un grand bravo Jules !<\/p>\n","protected":false},"author":1,"featured_media":4411647,"comment_status":"closed","ping_status":"closed","sticky":false,"template":"","format":"standard","meta":{"_et_pb_use_builder":"","_et_pb_old_content":"","_et_gb_content_width":"","footnotes":""},"categories":[146],"tags":[],"class_list":["post-4411646","post","type-post","status-publish","format-standard","has-post-thumbnail","hentry","category-edc"],"aioseo_notices":[],"_links":{"self":[{"href":"https:\/\/www.veloclublapomme.com\/index.php\/wp-json\/wp\/v2\/posts\/4411646","targetHints":{"allow":["GET"]}}],"collection":[{"href":"https:\/\/www.veloclublapomme.com\/index.php\/wp-json\/wp\/v2\/posts"}],"about":[{"href":"https:\/\/www.veloclublapomme.com\/index.php\/wp-json\/wp\/v2\/types\/post"}],"author":[{"embeddable":true,"href":"https:\/\/www.veloclublapomme.com\/index.php\/wp-json\/wp\/v2\/users\/1"}],"replies":[{"embeddable":true,"href":"https:\/\/www.veloclublapomme.com\/index.php\/wp-json\/wp\/v2\/comments?post=4411646"}],"version-history":[{"count":4,"href":"https:\/\/www.veloclublapomme.com\/index.php\/wp-json\/wp\/v2\/posts\/4411646\/revisions"}],"predecessor-version":[{"id":4411651,"href":"https:\/\/www.veloclublapomme.com\/index.php\/wp-json\/wp\/v2\/posts\/4411646\/revisions\/4411651"}],"wp:featuredmedia":[{"embeddable":true,"href":"https:\/\/www.veloclublapomme.com\/index.php\/wp-json\/wp\/v2\/media\/4411647"}],"wp:attachment":[{"href":"https:\/\/www.veloclublapomme.com\/index.php\/wp-json\/wp\/v2\/media?parent=4411646"}],"wp:term":[{"taxonomy":"category","embeddable":true,"href":"https:\/\/www.veloclublapomme.com\/index.php\/wp-json\/wp\/v2\/categories?post=4411646"},{"taxonomy":"post_tag","embeddable":true,"href":"https:\/\/www.veloclublapomme.com\/index.php\/wp-json\/wp\/v2\/tags?post=4411646"}],"curies":[{"name":"wp","href":"https:\/\/api.w.org\/{rel}","templated":true}]}}