{"id":4411652,"date":"2026-03-02T20:00:20","date_gmt":"2026-03-02T19:00:20","guid":{"rendered":"https:\/\/www.veloclublapomme.com\/?p=4411652"},"modified":"2026-03-10T23:40:30","modified_gmt":"2026-03-10T22:40:30","slug":"victoire-collective","status":"publish","type":"post","link":"https:\/\/www.veloclublapomme.com\/index.php\/2026\/03\/02\/victoire-collective\/","title":{"rendered":"Victoire collective !"},"content":{"rendered":"\t\t<div data-elementor-type=\"wp-post\" data-elementor-id=\"4411652\" class=\"elementor elementor-4411652\">\n\t\t\t\t<div class=\"elementor-element elementor-element-61c7cd6 e-flex e-con-boxed wpr-particle-no wpr-jarallax-no wpr-parallax-no wpr-sticky-section-no wpr-equal-height-no e-con e-parent\" data-id=\"61c7cd6\" data-element_type=\"container\" data-e-type=\"container\">\n\t\t\t\t\t<div class=\"e-con-inner\">\n\t\t\t\t<div class=\"elementor-element elementor-element-6365e23 elementor-widget elementor-widget-text-editor\" data-id=\"6365e23\" data-element_type=\"widget\" data-e-type=\"widget\" data-widget_type=\"text-editor.default\">\n\t\t\t\t<div class=\"elementor-widget-container\">\n\t\t\t\t\t\t\t\t\t<div class=\"x14z9mp xat24cr x1lziwak x1vvkbs xtlvy1s x126k92a\"><div dir=\"auto\">C\u2019est en Haute-Garonne, \u00e0 l\u2019occasion du \ud835\uddd6\ud835\uddf5\ud835\uddee\ud835\uddf9\ud835\uddf9\ud835\uddf2\ud835\uddfb\ud835\uddf4\ud835\uddf2 \ud835\uddd4\ud835\uddfb\ud835\ude01\ud835\uddf5\ud835\uddfc\ud835\uddfb\ud835\ude06 \ud835\udde3\ud835\uddf2\ud835\uddff\ud835\uddf2\ud835\ude07, qu\u2019une partie des coureurs du V\u00e9lo Club La Pomme Marseille a \u00e9pingl\u00e9 son premier dossard de la saison 2026.<\/div><div dir=\"auto\">\u00a0<\/div><\/div><div class=\"x14z9mp xat24cr x1lziwak x1vvkbs xtlvy1s x126k92a\"><div dir=\"auto\">Le week-end s\u2019est ouvert le 28 f\u00e9vrier avec la \ud835\udde0\ud835\uddee\ud835\uddfd\ud835\uddf2\ud835\uddf6 \ud835\uddd6\ud835\uddf9\ud835\uddee\ud835\ude00\ud835\ude00\ud835\uddf6\ud835\uddf0. Au programme : un exigeant circuit de 19,3 kilom\u00e8tres \u00e0 parcourir \u00e0 quatre reprises. Sur cette course, un Phoc\u00e9en s&rsquo;est mis en \u00e9vidence en la personne de L\u00e9ny Planud. Le ciel et blanc a d\u00e9croch\u00e9 la sixi\u00e8me position en plus d&rsquo;avoir remport\u00e9 le maillot du KM 31, prix du D\u00e9partement de Haute-Garonne.<\/div><\/div><div class=\"x14z9mp xat24cr x1lziwak x1vvkbs xtlvy1s x126k92a\"><div dir=\"auto\">\u00a0<\/div><div dir=\"auto\">Le lendemain, le cap fut mis sur Bessi\u00e8res pour la \ud835\udde5\ud835\uddfc\ud835\uddfb\ud835\uddf1\ud835\uddf2 \ud835\uddd5\ud835\uddf2\ud835\ude00\ud835\ude00\ud835\uddf6\ud835\uddf2\ud835\uddff\ud835\uddf2\ud835\uddfb\ud835\uddfb\ud835\uddf2, ultime rendez-vous du week-end. Bien plac\u00e9 dans l\u2019\u00e9chapp\u00e9e matinale, N\u00e9o Leroux Saloum a saisi cette opportunit\u00e9 avant de d\u00e9crocher une belle quatri\u00e8me place au terme de l\u2019\u00e9preuve. Vainqueur du classement des U17 premi\u00e8re ann\u00e9e, il s\u2019est \u00e9galement offert le prix du KM 31, imitant ainsi son co\u00e9quipier de la veille.<\/div><div dir=\"auto\">\u00a0<\/div><\/div><div class=\"x14z9mp xat24cr x1lziwak x1vvkbs xtlvy1s x126k92a\"><div dir=\"auto\">Au-del\u00e0 des performances individuelles, le V\u00e9lo Club La Pomme Marseille a conclu son d\u00e9placement en beaut\u00e9 en remportant le classement par \u00e9quipes, sur la journ\u00e9e du dimanche !<\/div><\/div>\t\t\t\t\t\t\t\t<\/div>\n\t\t\t\t<\/div>\n\t\t\t\t\t<\/div>\n\t\t\t\t<\/div>\n\t\t<div class=\"elementor-element elementor-element-b693b90 e-flex e-con-boxed wpr-particle-no wpr-jarallax-no wpr-parallax-no wpr-sticky-section-no wpr-equal-height-no e-con e-parent\" data-id=\"b693b90\" data-element_type=\"container\" data-e-type=\"container\">\n\t\t\t\t\t<div class=\"e-con-inner\">\n\t\t\t\t<div class=\"elementor-element elementor-element-34004e2 elementor-widget elementor-widget-image\" data-id=\"34004e2\" data-element_type=\"widget\" data-e-type=\"widget\" data-widget_type=\"image.default\">\n\t\t\t\t<div class=\"elementor-widget-container\">\n\t\t\t\t\t\t\t\t\t\t\t\t\t\t\t<img fetchpriority=\"high\" fetchpriority=\"high\" decoding=\"async\" width=\"1024\" height=\"768\" src=\"https:\/\/www.veloclublapomme.com\/wp-content\/uploads\/2026\/03\/646392398_1531458098980461_36341325965910215_n-1024x768.jpg\" class=\"attachment-large size-large wp-image-4411654\" alt=\"\" srcset=\"https:\/\/www.veloclublapomme.com\/wp-content\/uploads\/2026\/03\/646392398_1531458098980461_36341325965910215_n-980x735.jpg 980w, https:\/\/www.veloclublapomme.com\/wp-content\/uploads\/2026\/03\/646392398_1531458098980461_36341325965910215_n-480x360.jpg 480w\" sizes=\"(min-width: 0px) and (max-width: 480px) 480px, (min-width: 481px) and (max-width: 980px) 980px, (min-width: 981px) 1024px, 100vw\" \/>\t\t\t\t\t\t\t\t\t\t\t\t\t\t\t<\/div>\n\t\t\t\t<\/div>\n\t\t\t\t\t<\/div>\n\t\t\t\t<\/div>\n\t\t\t\t<\/div>\n\t\t","protected":false},"excerpt":{"rendered":"<p>C\u2019est en Haute-Garonne, \u00e0 l\u2019occasion du \ud835\uddd6\ud835\uddf5\ud835\uddee\ud835\uddf9\ud835\uddf9\ud835\uddf2\ud835\uddfb\ud835\uddf4\ud835\uddf2 \ud835\uddd4\ud835\uddfb\ud835\ude01\ud835\uddf5\ud835\uddfc\ud835\uddfb\ud835\ude06 \ud835\udde3\ud835\uddf2\ud835\uddff\ud835\uddf2\ud835\ude07, qu\u2019une partie des coureurs du V\u00e9lo Club La Pomme Marseille a \u00e9pingl\u00e9 son premier dossard de la saison 2026.\u00a0Le week-end s\u2019est ouvert le 28 f\u00e9vrier avec la \ud835\udde0\ud835\uddee\ud835\uddfd\ud835\uddf2\ud835\uddf6 \ud835\uddd6\ud835\uddf9\ud835\uddee\ud835\ude00\ud835\ude00\ud835\uddf6\ud835\uddf0. Au programme : un exigeant circuit de 19,3 kilom\u00e8tres \u00e0 parcourir \u00e0 quatre reprises. Sur cette course, un Phoc\u00e9en s&rsquo;est mis en \u00e9vidence en la personne de L\u00e9ny Planud. Le ciel et blanc a d\u00e9croch\u00e9 la sixi\u00e8me position en plus d&rsquo;avoir remport\u00e9 le maillot du KM 31, prix du D\u00e9partement de Haute-Garonne.\u00a0Le lendemain, le cap fut mis sur Bessi\u00e8res pour la \ud835\udde5\ud835\uddfc\ud835\uddfb\ud835\uddf1\ud835\uddf2 \ud835\uddd5\ud835\uddf2\ud835\ude00\ud835\ude00\ud835\uddf6\ud835\uddf2\ud835\uddff\ud835\uddf2\ud835\uddfb\ud835\uddfb\ud835\uddf2, ultime rendez-vous du week-end. Bien plac\u00e9 dans l\u2019\u00e9chapp\u00e9e matinale, N\u00e9o Leroux Saloum a saisi cette opportunit\u00e9 avant de d\u00e9crocher une belle quatri\u00e8me place au terme de l\u2019\u00e9preuve. Vainqueur du classement des U17 premi\u00e8re ann\u00e9e, il s\u2019est \u00e9galement offert le prix du KM 31, imitant ainsi son co\u00e9quipier de la veille.\u00a0Au-del\u00e0 des performances individuelles, le V\u00e9lo Club La Pomme Marseille a conclu son d\u00e9placement en beaut\u00e9 en remportant le classement par \u00e9quipes, sur la journ\u00e9e du dimanche !<\/p>\n","protected":false},"author":1,"featured_media":4411654,"comment_status":"closed","ping_status":"closed","sticky":false,"template":"","format":"standard","meta":{"_et_pb_use_builder":"","_et_pb_old_content":"","_et_gb_content_width":"","footnotes":""},"categories":[142],"tags":[],"class_list":["post-4411652","post","type-post","status-publish","format-standard","has-post-thumbnail","hentry","category-u17"],"aioseo_notices":[],"_links":{"self":[{"href":"https:\/\/www.veloclublapomme.com\/index.php\/wp-json\/wp\/v2\/posts\/4411652","targetHints":{"allow":["GET"]}}],"collection":[{"href":"https:\/\/www.veloclublapomme.com\/index.php\/wp-json\/wp\/v2\/posts"}],"about":[{"href":"https:\/\/www.veloclublapomme.com\/index.php\/wp-json\/wp\/v2\/types\/post"}],"author":[{"embeddable":true,"href":"https:\/\/www.veloclublapomme.com\/index.php\/wp-json\/wp\/v2\/users\/1"}],"replies":[{"embeddable":true,"href":"https:\/\/www.veloclublapomme.com\/index.php\/wp-json\/wp\/v2\/comments?post=4411652"}],"version-history":[{"count":4,"href":"https:\/\/www.veloclublapomme.com\/index.php\/wp-json\/wp\/v2\/posts\/4411652\/revisions"}],"predecessor-version":[{"id":4411658,"href":"https:\/\/www.veloclublapomme.com\/index.php\/wp-json\/wp\/v2\/posts\/4411652\/revisions\/4411658"}],"wp:featuredmedia":[{"embeddable":true,"href":"https:\/\/www.veloclublapomme.com\/index.php\/wp-json\/wp\/v2\/media\/4411654"}],"wp:attachment":[{"href":"https:\/\/www.veloclublapomme.com\/index.php\/wp-json\/wp\/v2\/media?parent=4411652"}],"wp:term":[{"taxonomy":"category","embeddable":true,"href":"https:\/\/www.veloclublapomme.com\/index.php\/wp-json\/wp\/v2\/categories?post=4411652"},{"taxonomy":"post_tag","embeddable":true,"href":"https:\/\/www.veloclublapomme.com\/index.php\/wp-json\/wp\/v2\/tags?post=4411652"}],"curies":[{"name":"wp","href":"https:\/\/api.w.org\/{rel}","templated":true}]}}