{"id":4411659,"date":"2026-03-02T21:00:49","date_gmt":"2026-03-02T20:00:49","guid":{"rendered":"https:\/\/www.veloclublapomme.com\/?p=4411659"},"modified":"2026-03-10T23:42:45","modified_gmt":"2026-03-10T22:42:45","slug":"kenzo-pettini-medaille-dargent","status":"publish","type":"post","link":"https:\/\/www.veloclublapomme.com\/index.php\/2026\/03\/02\/kenzo-pettini-medaille-dargent\/","title":{"rendered":"Kenzo Pettini, m\u00e9daill\u00e9 d&rsquo;argent !"},"content":{"rendered":"\t\t<div data-elementor-type=\"wp-post\" data-elementor-id=\"4411659\" class=\"elementor elementor-4411659\">\n\t\t\t\t<div class=\"elementor-element elementor-element-8a75ef9 e-flex e-con-boxed wpr-particle-no wpr-jarallax-no wpr-parallax-no wpr-sticky-section-no wpr-equal-height-no e-con e-parent\" data-id=\"8a75ef9\" data-element_type=\"container\" data-e-type=\"container\">\n\t\t\t\t\t<div class=\"e-con-inner\">\n\t\t\t\t<div class=\"elementor-element elementor-element-c8eafbd elementor-widget elementor-widget-text-editor\" data-id=\"c8eafbd\" data-element_type=\"widget\" data-e-type=\"widget\" data-widget_type=\"text-editor.default\">\n\t\t\t\t<div class=\"elementor-widget-container\">\n\t\t\t\t\t\t\t\t\t<div class=\"x14z9mp xat24cr x1lziwak x1vvkbs xtlvy1s x126k92a\"><div dir=\"auto\">Sur un parcours relativement roulant, le jeune Phoc\u00e9en a su faire parler sa puissance pour d\u00e9crocher la deuxi\u00e8me position du Grand Prix du \ud835\udde9\ud835\uddf2\u0301\ud835\uddf9\ud835\uddfc \ud835\uddd6\ud835\uddf9\ud835\ude02\ud835\uddef \ud835\udde6\ud835\uddee\ud835\uddf6\ud835\uddfb\ud835\ude01 \ud835\uddda\ud835\uddf6\ud835\uddf9\ud835\uddf9\ud835\uddfc\ud835\uddf6\ud835\ude00, en U15.<\/div><div dir=\"auto\">\u00a0<\/div><\/div><div class=\"x14z9mp xat24cr x1lziwak x1vvkbs xtlvy1s x126k92a\"><div dir=\"auto\">Un premier podium pour sa premi\u00e8re course avec les couleurs marseillaises.<\/div><div dir=\"auto\">\u00a0<\/div><div dir=\"auto\">Bravo Kenzo !<\/div><\/div>\t\t\t\t\t\t\t\t<\/div>\n\t\t\t\t<\/div>\n\t\t\t\t\t<\/div>\n\t\t\t\t<\/div>\n\t\t<div class=\"elementor-element elementor-element-0551317 e-flex e-con-boxed wpr-particle-no wpr-jarallax-no wpr-parallax-no wpr-sticky-section-no wpr-equal-height-no e-con e-parent\" data-id=\"0551317\" data-element_type=\"container\" data-e-type=\"container\">\n\t\t\t\t\t<div class=\"e-con-inner\">\n\t\t\t\t<div class=\"elementor-element elementor-element-4d8822a elementor-widget elementor-widget-image\" data-id=\"4d8822a\" data-element_type=\"widget\" data-e-type=\"widget\" data-widget_type=\"image.default\">\n\t\t\t\t<div class=\"elementor-widget-container\">\n\t\t\t\t\t\t\t\t\t\t\t\t\t\t\t<img fetchpriority=\"high\" fetchpriority=\"high\" decoding=\"async\" width=\"1024\" height=\"768\" src=\"https:\/\/www.veloclublapomme.com\/wp-content\/uploads\/2026\/03\/646372155_1532029408923330_2385308480435731228_n-1024x768.jpg\" class=\"attachment-large size-large wp-image-4411660\" alt=\"\" srcset=\"https:\/\/www.veloclublapomme.com\/wp-content\/uploads\/2026\/03\/646372155_1532029408923330_2385308480435731228_n-980x735.jpg 980w, https:\/\/www.veloclublapomme.com\/wp-content\/uploads\/2026\/03\/646372155_1532029408923330_2385308480435731228_n-480x360.jpg 480w\" sizes=\"(min-width: 0px) and (max-width: 480px) 480px, (min-width: 481px) and (max-width: 980px) 980px, (min-width: 981px) 1024px, 100vw\" \/>\t\t\t\t\t\t\t\t\t\t\t\t\t\t\t<\/div>\n\t\t\t\t<\/div>\n\t\t\t\t\t<\/div>\n\t\t\t\t<\/div>\n\t\t\t\t<\/div>\n\t\t","protected":false},"excerpt":{"rendered":"<p>Sur un parcours relativement roulant, le jeune Phoc\u00e9en a su faire parler sa puissance pour d\u00e9crocher la deuxi\u00e8me position du Grand Prix du \ud835\udde9\ud835\uddf2\u0301\ud835\uddf9\ud835\uddfc \ud835\uddd6\ud835\uddf9\ud835\ude02\ud835\uddef \ud835\udde6\ud835\uddee\ud835\uddf6\ud835\uddfb\ud835\ude01 \ud835\uddda\ud835\uddf6\ud835\uddf9\ud835\uddf9\ud835\uddfc\ud835\uddf6\ud835\ude00, en U15.\u00a0Un premier podium pour sa premi\u00e8re course avec les couleurs marseillaises.\u00a0Bravo Kenzo !<\/p>\n","protected":false},"author":1,"featured_media":4411660,"comment_status":"closed","ping_status":"closed","sticky":false,"template":"","format":"standard","meta":{"_et_pb_use_builder":"","_et_pb_old_content":"","_et_gb_content_width":"","footnotes":""},"categories":[140],"tags":[],"class_list":["post-4411659","post","type-post","status-publish","format-standard","has-post-thumbnail","hentry","category-u15"],"aioseo_notices":[],"_links":{"self":[{"href":"https:\/\/www.veloclublapomme.com\/index.php\/wp-json\/wp\/v2\/posts\/4411659","targetHints":{"allow":["GET"]}}],"collection":[{"href":"https:\/\/www.veloclublapomme.com\/index.php\/wp-json\/wp\/v2\/posts"}],"about":[{"href":"https:\/\/www.veloclublapomme.com\/index.php\/wp-json\/wp\/v2\/types\/post"}],"author":[{"embeddable":true,"href":"https:\/\/www.veloclublapomme.com\/index.php\/wp-json\/wp\/v2\/users\/1"}],"replies":[{"embeddable":true,"href":"https:\/\/www.veloclublapomme.com\/index.php\/wp-json\/wp\/v2\/comments?post=4411659"}],"version-history":[{"count":4,"href":"https:\/\/www.veloclublapomme.com\/index.php\/wp-json\/wp\/v2\/posts\/4411659\/revisions"}],"predecessor-version":[{"id":4411664,"href":"https:\/\/www.veloclublapomme.com\/index.php\/wp-json\/wp\/v2\/posts\/4411659\/revisions\/4411664"}],"wp:featuredmedia":[{"embeddable":true,"href":"https:\/\/www.veloclublapomme.com\/index.php\/wp-json\/wp\/v2\/media\/4411660"}],"wp:attachment":[{"href":"https:\/\/www.veloclublapomme.com\/index.php\/wp-json\/wp\/v2\/media?parent=4411659"}],"wp:term":[{"taxonomy":"category","embeddable":true,"href":"https:\/\/www.veloclublapomme.com\/index.php\/wp-json\/wp\/v2\/categories?post=4411659"},{"taxonomy":"post_tag","embeddable":true,"href":"https:\/\/www.veloclublapomme.com\/index.php\/wp-json\/wp\/v2\/tags?post=4411659"}],"curies":[{"name":"wp","href":"https:\/\/api.w.org\/{rel}","templated":true}]}}