{"id":4411665,"date":"2026-03-09T20:00:09","date_gmt":"2026-03-09T19:00:09","guid":{"rendered":"https:\/\/www.veloclublapomme.com\/?p=4411665"},"modified":"2026-03-10T23:48:29","modified_gmt":"2026-03-10T22:48:29","slug":"le-beau-week-end-de-kylan-touache-blondon","status":"publish","type":"post","link":"https:\/\/www.veloclublapomme.com\/index.php\/2026\/03\/09\/le-beau-week-end-de-kylan-touache-blondon\/","title":{"rendered":"Le beau week-end de KTB !"},"content":{"rendered":"\t\t<div data-elementor-type=\"wp-post\" data-elementor-id=\"4411665\" class=\"elementor elementor-4411665\">\n\t\t\t\t<div class=\"elementor-element elementor-element-a28910e e-flex e-con-boxed wpr-particle-no wpr-jarallax-no wpr-parallax-no wpr-sticky-section-no wpr-equal-height-no e-con e-parent\" data-id=\"a28910e\" data-element_type=\"container\" data-e-type=\"container\">\n\t\t\t\t\t<div class=\"e-con-inner\">\n\t\t\t\t<div class=\"elementor-element elementor-element-0c36309 elementor-widget elementor-widget-text-editor\" data-id=\"0c36309\" data-element_type=\"widget\" data-e-type=\"widget\" data-widget_type=\"text-editor.default\">\n\t\t\t\t<div class=\"elementor-widget-container\">\n\t\t\t\t\t\t\t\t\t<div class=\"x14z9mp xat24cr x1lziwak x1vvkbs xtlvy1s x126k92a\"><div dir=\"auto\">Victime d&rsquo;une luxation et d&rsquo;un arrachement osseux aux doigts lors d&rsquo;un entra\u00eenement en janvier dernier, Kylan Touache Blondon a d\u00e9but\u00e9 sa saison, le week-end dernier en Nouvelle-Aquitaine.<\/div><div dir=\"auto\">\u00a0<\/div><\/div><div class=\"x14z9mp xat24cr x1lziwak x1vvkbs xtlvy1s x126k92a\"><div dir=\"auto\">Pour sa premi\u00e8re apparition dans la cat\u00e9gorie U19, le Phoc\u00e9en s\u2019est illustr\u00e9 par deux classements dans le top 30. Le 07\/03, \u00e0 l\u2019occasion de la Classic C\u0153ur de Brenne, Kylan a pris la 25e place tandis que le lendemain, lors du Troph\u00e9e de la Ville de Ch\u00e2tellerault, le Marseillais a confirm\u00e9 en terminant 30e.<\/div><div dir=\"auto\">\u00a0<\/div><\/div><div class=\"x14z9mp xat24cr x1lziwak x1vvkbs xtlvy1s x126k92a\"><div dir=\"auto\">Une reprise encourageante !\u00a0<\/div><\/div>\t\t\t\t\t\t\t\t<\/div>\n\t\t\t\t<\/div>\n\t\t\t\t\t<\/div>\n\t\t\t\t<\/div>\n\t\t<div class=\"elementor-element elementor-element-a086f07 e-flex e-con-boxed wpr-particle-no wpr-jarallax-no wpr-parallax-no wpr-sticky-section-no wpr-equal-height-no e-con e-parent\" data-id=\"a086f07\" data-element_type=\"container\" data-e-type=\"container\">\n\t\t\t\t\t<div class=\"e-con-inner\">\n\t\t\t\t<div class=\"elementor-element elementor-element-3b5e0bc elementor-widget elementor-widget-image\" data-id=\"3b5e0bc\" data-element_type=\"widget\" data-e-type=\"widget\" data-widget_type=\"image.default\">\n\t\t\t\t<div class=\"elementor-widget-container\">\n\t\t\t\t\t\t\t\t\t\t\t\t\t\t\t<img fetchpriority=\"high\" fetchpriority=\"high\" decoding=\"async\" width=\"1024\" height=\"683\" src=\"https:\/\/www.veloclublapomme.com\/wp-content\/uploads\/2026\/03\/\u00a9-VCPM-2026-1-1024x683.jpg\" class=\"attachment-large size-large wp-image-4411666\" alt=\"\" srcset=\"https:\/\/www.veloclublapomme.com\/wp-content\/uploads\/2026\/03\/\u00a9-VCPM-2026-1-1024x683.jpg 1024w, https:\/\/www.veloclublapomme.com\/wp-content\/uploads\/2026\/03\/\u00a9-VCPM-2026-1-300x200.jpg 300w, https:\/\/www.veloclublapomme.com\/wp-content\/uploads\/2026\/03\/\u00a9-VCPM-2026-1-768x512.jpg 768w, https:\/\/www.veloclublapomme.com\/wp-content\/uploads\/2026\/03\/\u00a9-VCPM-2026-1-1536x1024.jpg 1536w, https:\/\/www.veloclublapomme.com\/wp-content\/uploads\/2026\/03\/\u00a9-VCPM-2026-1-1080x720.jpg 1080w, https:\/\/www.veloclublapomme.com\/wp-content\/uploads\/2026\/03\/\u00a9-VCPM-2026-1-1280x853.jpg 1280w, https:\/\/www.veloclublapomme.com\/wp-content\/uploads\/2026\/03\/\u00a9-VCPM-2026-1-980x653.jpg 980w, https:\/\/www.veloclublapomme.com\/wp-content\/uploads\/2026\/03\/\u00a9-VCPM-2026-1-480x320.jpg 480w, https:\/\/www.veloclublapomme.com\/wp-content\/uploads\/2026\/03\/\u00a9-VCPM-2026-1.jpg 2048w\" sizes=\"(max-width: 1024px) 100vw, 1024px\" \/>\t\t\t\t\t\t\t\t\t\t\t\t\t\t\t<\/div>\n\t\t\t\t<\/div>\n\t\t\t\t\t<\/div>\n\t\t\t\t<\/div>\n\t\t<div class=\"elementor-element elementor-element-ac17a5a e-flex e-con-boxed wpr-particle-no wpr-jarallax-no wpr-parallax-no wpr-sticky-section-no wpr-equal-height-no e-con e-parent\" data-id=\"ac17a5a\" data-element_type=\"container\" data-e-type=\"container\">\n\t\t\t\t\t<div class=\"e-con-inner\">\n\t\t\t\t<div class=\"elementor-element elementor-element-7850db2 elementor-widget elementor-widget-image\" data-id=\"7850db2\" data-element_type=\"widget\" data-e-type=\"widget\" data-widget_type=\"image.default\">\n\t\t\t\t<div class=\"elementor-widget-container\">\n\t\t\t\t\t\t\t\t\t\t\t\t\t\t\t<img decoding=\"async\" width=\"1024\" height=\"683\" src=\"https:\/\/www.veloclublapomme.com\/wp-content\/uploads\/2026\/03\/WhatsApp-Image-2026-03-10-at-15.20.59-1024x683.jpeg\" class=\"attachment-large size-large wp-image-4411668\" alt=\"\" srcset=\"https:\/\/www.veloclublapomme.com\/wp-content\/uploads\/2026\/03\/WhatsApp-Image-2026-03-10-at-15.20.59-980x653.jpeg 980w, https:\/\/www.veloclublapomme.com\/wp-content\/uploads\/2026\/03\/WhatsApp-Image-2026-03-10-at-15.20.59-480x320.jpeg 480w\" sizes=\"(min-width: 0px) and (max-width: 480px) 480px, (min-width: 481px) and (max-width: 980px) 980px, (min-width: 981px) 1024px, 100vw\" \/>\t\t\t\t\t\t\t\t\t\t\t\t\t\t\t<\/div>\n\t\t\t\t<\/div>\n\t\t\t\t\t<\/div>\n\t\t\t\t<\/div>\n\t\t<div class=\"elementor-element elementor-element-18b36ed e-flex e-con-boxed wpr-particle-no wpr-jarallax-no wpr-parallax-no wpr-sticky-section-no wpr-equal-height-no e-con e-parent\" data-id=\"18b36ed\" data-element_type=\"container\" data-e-type=\"container\">\n\t\t\t\t\t<div class=\"e-con-inner\">\n\t\t\t\t<div class=\"elementor-element elementor-element-f3cce02 elementor-widget elementor-widget-text-editor\" data-id=\"f3cce02\" data-element_type=\"widget\" data-e-type=\"widget\" data-widget_type=\"text-editor.default\">\n\t\t\t\t<div class=\"elementor-widget-container\">\n\t\t\t\t\t\t\t\t\t<p>Cr\u00e9dit photos : \u00a9 Mai. Lens Photo<\/p>\t\t\t\t\t\t\t\t<\/div>\n\t\t\t\t<\/div>\n\t\t\t\t\t<\/div>\n\t\t\t\t<\/div>\n\t\t\t\t<\/div>\n\t\t","protected":false},"excerpt":{"rendered":"<p>Victime d&rsquo;une luxation et d&rsquo;un arrachement osseux aux doigts lors d&rsquo;un entra\u00eenement en janvier dernier, Kylan Touache Blondon a d\u00e9but\u00e9 sa saison, le week-end dernier en Nouvelle-Aquitaine.\u00a0Pour sa premi\u00e8re apparition dans la cat\u00e9gorie U19, le Phoc\u00e9en s\u2019est illustr\u00e9 par deux classements dans le top 30. Le 07\/03, \u00e0 l\u2019occasion de la Classic C\u0153ur de Brenne, Kylan a pris la 25e place tandis que le lendemain, lors du Troph\u00e9e de la Ville de Ch\u00e2tellerault, le Marseillais a confirm\u00e9 en terminant 30e.\u00a0Une reprise encourageante !\u00a0 Cr\u00e9dit photos : \u00a9 Mai. Lens Photo<\/p>\n","protected":false},"author":1,"featured_media":4411666,"comment_status":"closed","ping_status":"closed","sticky":false,"template":"","format":"standard","meta":{"_et_pb_use_builder":"","_et_pb_old_content":"","_et_gb_content_width":"","footnotes":""},"categories":[142],"tags":[],"class_list":["post-4411665","post","type-post","status-publish","format-standard","has-post-thumbnail","hentry","category-u17"],"aioseo_notices":[],"_links":{"self":[{"href":"https:\/\/www.veloclublapomme.com\/index.php\/wp-json\/wp\/v2\/posts\/4411665","targetHints":{"allow":["GET"]}}],"collection":[{"href":"https:\/\/www.veloclublapomme.com\/index.php\/wp-json\/wp\/v2\/posts"}],"about":[{"href":"https:\/\/www.veloclublapomme.com\/index.php\/wp-json\/wp\/v2\/types\/post"}],"author":[{"embeddable":true,"href":"https:\/\/www.veloclublapomme.com\/index.php\/wp-json\/wp\/v2\/users\/1"}],"replies":[{"embeddable":true,"href":"https:\/\/www.veloclublapomme.com\/index.php\/wp-json\/wp\/v2\/comments?post=4411665"}],"version-history":[{"count":4,"href":"https:\/\/www.veloclublapomme.com\/index.php\/wp-json\/wp\/v2\/posts\/4411665\/revisions"}],"predecessor-version":[{"id":4411671,"href":"https:\/\/www.veloclublapomme.com\/index.php\/wp-json\/wp\/v2\/posts\/4411665\/revisions\/4411671"}],"wp:featuredmedia":[{"embeddable":true,"href":"https:\/\/www.veloclublapomme.com\/index.php\/wp-json\/wp\/v2\/media\/4411666"}],"wp:attachment":[{"href":"https:\/\/www.veloclublapomme.com\/index.php\/wp-json\/wp\/v2\/media?parent=4411665"}],"wp:term":[{"taxonomy":"category","embeddable":true,"href":"https:\/\/www.veloclublapomme.com\/index.php\/wp-json\/wp\/v2\/categories?post=4411665"},{"taxonomy":"post_tag","embeddable":true,"href":"https:\/\/www.veloclublapomme.com\/index.php\/wp-json\/wp\/v2\/tags?post=4411665"}],"curies":[{"name":"wp","href":"https:\/\/api.w.org\/{rel}","templated":true}]}}