{"id":4411962,"date":"2026-04-27T12:50:06","date_gmt":"2026-04-27T10:50:06","guid":{"rendered":"https:\/\/www.veloclublapomme.com\/?p=4411962"},"modified":"2026-04-27T23:32:01","modified_gmt":"2026-04-27T21:32:01","slug":"communique-officiel-du-velo-club-la-pomme-marseille","status":"publish","type":"post","link":"https:\/\/www.veloclublapomme.com\/index.php\/2026\/04\/27\/communique-officiel-du-velo-club-la-pomme-marseille\/","title":{"rendered":"Communiqu\u00e9 officiel du V\u00e9lo Club La Pomme Marseille"},"content":{"rendered":"\t\t<div data-elementor-type=\"wp-post\" data-elementor-id=\"4411962\" class=\"elementor elementor-4411962\">\n\t\t\t\t<div class=\"elementor-element elementor-element-a5f549f e-flex e-con-boxed wpr-particle-no wpr-jarallax-no wpr-parallax-no wpr-sticky-section-no wpr-equal-height-no e-con e-parent\" data-id=\"a5f549f\" data-element_type=\"container\" data-e-type=\"container\">\n\t\t\t\t\t<div class=\"e-con-inner\">\n\t\t\t\t<div class=\"elementor-element elementor-element-598139c elementor-widget elementor-widget-image\" data-id=\"598139c\" data-element_type=\"widget\" data-e-type=\"widget\" data-widget_type=\"image.default\">\n\t\t\t\t<div class=\"elementor-widget-container\">\n\t\t\t\t\t\t\t\t\t\t\t\t\t\t\t<img fetchpriority=\"high\" fetchpriority=\"high\" decoding=\"async\" width=\"1024\" height=\"724\" src=\"https:\/\/www.veloclublapomme.com\/wp-content\/uploads\/2026\/04\/Communique-Officiel-VCPM-2026-1024x724.jpg\" class=\"attachment-large size-large wp-image-4411976\" alt=\"\" srcset=\"https:\/\/www.veloclublapomme.com\/wp-content\/uploads\/2026\/04\/Communique-Officiel-VCPM-2026-980x693.jpg 980w, https:\/\/www.veloclublapomme.com\/wp-content\/uploads\/2026\/04\/Communique-Officiel-VCPM-2026-480x339.jpg 480w\" sizes=\"(min-width: 0px) and (max-width: 480px) 480px, (min-width: 481px) and (max-width: 980px) 980px, (min-width: 981px) 1024px, 100vw\" \/>\t\t\t\t\t\t\t\t\t\t\t\t\t\t\t<\/div>\n\t\t\t\t<\/div>\n\t\t\t\t<div class=\"elementor-element elementor-element-9af35bf elementor-widget elementor-widget-text-editor\" data-id=\"9af35bf\" data-element_type=\"widget\" data-e-type=\"widget\" data-widget_type=\"text-editor.default\">\n\t\t\t\t<div class=\"elementor-widget-container\">\n\t\t\t\t\t\t\t\t\t<p>Ce dimanche 26 avril, lors de la deuxi\u00e8me manche du Mini Tour Creusois U17, N\u00e9o Leroux Saloum, 15 ans, a \u00e9t\u00e9 victime d\u2019une grave chute dans une descente.<\/p><p>Transport\u00e9 par h\u00e9licopt\u00e8re au Centre Hospitalier Universitaire (CHU) de Limoges, celui-ci a fait l\u2019objet d\u2019examens m\u00e9dicaux approfondis qui ont permis de d\u00e9celer la fracture de plusieurs vert\u00e8bres dorsales ainsi qu\u2019un pneumothorax.<\/p><p>Le scanner s\u2019est montr\u00e9 rassurant au niveau de la t\u00eate.<\/p><p>Le V\u00e9lo Club La Pomme Marseille remercie les \u00e9quipes m\u00e9dicales mobilis\u00e9es ainsi que toutes les personnes ayant t\u00e9moign\u00e9 leur soutien.<\/p><p>Le VCPM tient \u00e0 exprimer toute sa solidarit\u00e9 \u00e0 l\u2019\u00e9gard de N\u00e9o et de sa famille, pr\u00e9sente \u00e0 ses c\u00f4t\u00e9s. Il lui souhaite un prompt et complet r\u00e9tablissement.<\/p><p><strong>Patrick Sorin\u00a0<\/strong><br \/><strong>Pr\u00e9sident du V\u00e9lo Club La Pomme Marseille<\/strong><\/p>\t\t\t\t\t\t\t\t<\/div>\n\t\t\t\t<\/div>\n\t\t\t\t\t<\/div>\n\t\t\t\t<\/div>\n\t\t\t\t<\/div>\n\t\t","protected":false},"excerpt":{"rendered":"<p>Ce dimanche 26 avril, lors de la deuxi\u00e8me manche du Mini Tour Creusois U17, N\u00e9o Leroux Saloum, 15 ans, a \u00e9t\u00e9 victime d\u2019une grave chute dans une descente. Transport\u00e9 par h\u00e9licopt\u00e8re au Centre Hospitalier Universitaire (CHU) de Limoges, celui-ci a fait l\u2019objet d\u2019examens m\u00e9dicaux approfondis qui ont permis de d\u00e9celer la fracture de plusieurs vert\u00e8bres dorsales ainsi qu\u2019un pneumothorax. Le scanner s\u2019est montr\u00e9 rassurant au niveau de la t\u00eate. Le V\u00e9lo Club La Pomme Marseille remercie les \u00e9quipes m\u00e9dicales mobilis\u00e9es ainsi que toutes les personnes ayant t\u00e9moign\u00e9 leur soutien. Le VCPM tient \u00e0 exprimer toute sa solidarit\u00e9 \u00e0 l\u2019\u00e9gard de N\u00e9o et de sa famille, pr\u00e9sente \u00e0 ses c\u00f4t\u00e9s. Il lui souhaite un prompt et complet r\u00e9tablissement. Patrick Sorin\u00a0 Pr\u00e9sident du V\u00e9lo Club La Pomme Marseille<\/p>\n","protected":false},"author":1,"featured_media":4411981,"comment_status":"open","ping_status":"open","sticky":false,"template":"","format":"standard","meta":{"_et_pb_use_builder":"","_et_pb_old_content":"","_et_gb_content_width":"","footnotes":""},"categories":[142],"tags":[],"class_list":["post-4411962","post","type-post","status-publish","format-standard","has-post-thumbnail","hentry","category-u17"],"aioseo_notices":[],"_links":{"self":[{"href":"https:\/\/www.veloclublapomme.com\/index.php\/wp-json\/wp\/v2\/posts\/4411962","targetHints":{"allow":["GET"]}}],"collection":[{"href":"https:\/\/www.veloclublapomme.com\/index.php\/wp-json\/wp\/v2\/posts"}],"about":[{"href":"https:\/\/www.veloclublapomme.com\/index.php\/wp-json\/wp\/v2\/types\/post"}],"author":[{"embeddable":true,"href":"https:\/\/www.veloclublapomme.com\/index.php\/wp-json\/wp\/v2\/users\/1"}],"replies":[{"embeddable":true,"href":"https:\/\/www.veloclublapomme.com\/index.php\/wp-json\/wp\/v2\/comments?post=4411962"}],"version-history":[{"count":15,"href":"https:\/\/www.veloclublapomme.com\/index.php\/wp-json\/wp\/v2\/posts\/4411962\/revisions"}],"predecessor-version":[{"id":4411982,"href":"https:\/\/www.veloclublapomme.com\/index.php\/wp-json\/wp\/v2\/posts\/4411962\/revisions\/4411982"}],"wp:featuredmedia":[{"embeddable":true,"href":"https:\/\/www.veloclublapomme.com\/index.php\/wp-json\/wp\/v2\/media\/4411981"}],"wp:attachment":[{"href":"https:\/\/www.veloclublapomme.com\/index.php\/wp-json\/wp\/v2\/media?parent=4411962"}],"wp:term":[{"taxonomy":"category","embeddable":true,"href":"https:\/\/www.veloclublapomme.com\/index.php\/wp-json\/wp\/v2\/categories?post=4411962"},{"taxonomy":"post_tag","embeddable":true,"href":"https:\/\/www.veloclublapomme.com\/index.php\/wp-json\/wp\/v2\/tags?post=4411962"}],"curies":[{"name":"wp","href":"https:\/\/api.w.org\/{rel}","templated":true}]}}